{"id":11424,"date":"2019-03-12T13:47:45","date_gmt":"2019-03-12T12:47:45","guid":{"rendered":"http:\/\/www.icstolstoj.gov.it\/?p=11424"},"modified":"2019-03-12T13:47:49","modified_gmt":"2019-03-12T12:47:49","slug":"050-sciopero-15-marzo-scuola-primaria","status":"publish","type":"post","link":"https:\/\/old.icstolstoj.edu.it\/it\/2019\/03\/050-sciopero-15-marzo-scuola-primaria\/","title":{"rendered":"050 &#8211; Sciopero 15 marzo scuola Primaria"},"content":{"rendered":"<div class=\"page\" title=\"Page 1\">\n<div class=\"layoutArea\">\n<div class=\"column\">\n<p style=\"text-align: right;\"><strong>Alle Famiglie degli alunni<\/strong><\/p>\n<p style=\"text-align: right;\"><strong>Scuola Primaria<\/strong><\/p>\n<p>Si comunica che, a causa dello sciopero indetto dal sindacato SISA, a cui ha aderito anche la Confederazione Sindacale Lavoro Ambiente Solidariet\u00e0 LAS, venerd\u00ec <strong>15 marzo p.v<\/strong>. le classi indicate <strong>seguiranno il seguente schema:<\/strong><\/p>\n<\/div>\n<\/div>\n<\/div>\n<div class=\"page\" title=\"Page 2\">\n<div class=\"layoutArea\">\n<div class=\"column\">\n<p>classe 2^A <strong>uscir\u00e0<\/strong> alle 12.30<\/p>\n<p>classe 2^D <strong>uscir\u00e0 <\/strong>alle ore 10.30<\/p>\n<p>classe 4^C <strong>uscir\u00e0<\/strong> alle ore 12.30<\/p>\n<h5 style=\"text-align: center;\"><span style=\"display: inline !important; float: none; background-color: #ffffff; color: #191e23; cursor: text; font-family: 'Noto Serif'; font-size: 16px; font-style: normal; font-variant: normal; font-weight: 400; letter-spacing: normal; orphans: 2; text-align: left; text-decoration: none; text-indent: 0px; text-transform: none; -webkit-text-stroke-width: 0px; white-space: normal; word-spacing: 0px;\">IL DIRIGENTE SCOLASTICO<\/span><\/h5>\n<h5 style=\"text-align: center;\"><span style=\"display: inline !important; float: none; background-color: #ffffff; color: #191e23; cursor: text; font-family: 'Noto Serif'; font-size: 16px; font-style: normal; font-variant: normal; font-weight: 400; letter-spacing: normal; orphans: 2; text-align: left; text-decoration: none; text-indent: 0px; text-transform: none; -webkit-text-stroke-width: 0px; white-space: normal; word-spacing: 0px;\">Cataldo Domina<\/span><\/h5>\n<\/div>\n<\/div>\n<\/div>\n","protected":false},"excerpt":{"rendered":"<p>Alle Famiglie degli alunni Scuola Primaria Si comunica che, a causa dello sciopero indetto dal sindacato SISA, a cui ha aderito anche la Confederazione Sindacale Lavoro Ambiente Solidariet\u00e0 LAS, venerd\u00ec 15 marzo p.v. le classi indicate seguiranno il seguente schema: classe 2^A uscir\u00e0 alle 12.30 classe 2^D uscir\u00e0 alle ore 10.30 classe 4^C uscir\u00e0 alle [&hellip;]<\/p>\n","protected":false},"author":2,"featured_media":0,"comment_status":"closed","ping_status":"open","sticky":false,"template":"","format":"standard","meta":{"_et_pb_use_builder":"","_et_pb_old_content":"","_et_gb_content_width":""},"categories":[122],"tags":[],"_links":{"self":[{"href":"https:\/\/old.icstolstoj.edu.it\/it\/wp-json\/wp\/v2\/posts\/11424"}],"collection":[{"href":"https:\/\/old.icstolstoj.edu.it\/it\/wp-json\/wp\/v2\/posts"}],"about":[{"href":"https:\/\/old.icstolstoj.edu.it\/it\/wp-json\/wp\/v2\/types\/post"}],"author":[{"embeddable":true,"href":"https:\/\/old.icstolstoj.edu.it\/it\/wp-json\/wp\/v2\/users\/2"}],"replies":[{"embeddable":true,"href":"https:\/\/old.icstolstoj.edu.it\/it\/wp-json\/wp\/v2\/comments?post=11424"}],"version-history":[{"count":0,"href":"https:\/\/old.icstolstoj.edu.it\/it\/wp-json\/wp\/v2\/posts\/11424\/revisions"}],"wp:attachment":[{"href":"https:\/\/old.icstolstoj.edu.it\/it\/wp-json\/wp\/v2\/media?parent=11424"}],"wp:term":[{"taxonomy":"category","embeddable":true,"href":"https:\/\/old.icstolstoj.edu.it\/it\/wp-json\/wp\/v2\/categories?post=11424"},{"taxonomy":"post_tag","embeddable":true,"href":"https:\/\/old.icstolstoj.edu.it\/it\/wp-json\/wp\/v2\/tags?post=11424"}],"curies":[{"name":"wp","href":"https:\/\/api.w.org\/{rel}","templated":true}]}}