{"id":14870,"date":"2020-04-04T10:10:02","date_gmt":"2020-04-04T08:10:02","guid":{"rendered":"http:\/\/old.icstolstoj.edu.it\/it\/?p=14870"},"modified":"2020-04-04T10:10:04","modified_gmt":"2020-04-04T08:10:04","slug":"084-rilevazione-dei-bisogni-di-dispositivi-individuali-digitali-da-concedere-in-comodato-duso-gratuito-e-temporaneo-alle-famiglie-per-la-miglior-fruizione-delle-piattaforme-per-la-didattica-2","status":"publish","type":"post","link":"https:\/\/old.icstolstoj.edu.it\/it\/2020\/04\/084-rilevazione-dei-bisogni-di-dispositivi-individuali-digitali-da-concedere-in-comodato-duso-gratuito-e-temporaneo-alle-famiglie-per-la-miglior-fruizione-delle-piattaforme-per-la-didattica-2\/","title":{"rendered":"085- Sospensione didattica a distanza in occasione delle festivit\u00e0 pasquali."},"content":{"rendered":"<p style=\"text-align: right;\">\u00a0<\/p>\n<p style=\"text-align: right;\">\u00a0\u00a0\u00a0\u00a0\u00a0\u00a0\u00a0\u00a0\u00a0\u00a0\u00a0\u00a0\u00a0\u00a0\u00a0\u00a0\u00a0\u00a0\u00a0\u00a0\u00a0\u00a0\u00a0\u00a0\u00a0\u00a0\u00a0\u00a0\u00a0\u00a0\u00a0\u00a0\u00a0\u00a0\u00a0\u00a0\u00a0\u00a0\u00a0\u00a0\u00a0\u00a0\u00a0\u00a0\u00a0\u00a0\u00a0\u00a0\u00a0\u00a0\u00a0\u00a0\u00a0\u00a0\u00a0\u00a0\u00a0\u00a0\u00a0\u00a0\u00a0\u00a0\u00a0\u00a0\u00a0\u00a0\u00a0\u00a0\u00a0\u00a0\u00a0\u00a0\u00a0\u00a0\u00a0\u00a0\u00a0\u00a0\u00a0\u00a0\u00a0\u00a0\u00a0\u00a0\u00a0\u00a0\u00a0\u00a0\u00a0\u00a0\u00a0 Alle famiglie degli alunni<\/p>\n<p style=\"text-align: right;\">\u00a0\u00a0\u00a0\u00a0\u00a0\u00a0\u00a0\u00a0\u00a0\u00a0\u00a0\u00a0\u00a0\u00a0\u00a0\u00a0\u00a0\u00a0\u00a0\u00a0\u00a0\u00a0\u00a0\u00a0\u00a0\u00a0\u00a0\u00a0\u00a0\u00a0\u00a0\u00a0\u00a0\u00a0\u00a0\u00a0\u00a0\u00a0\u00a0\u00a0\u00a0\u00a0\u00a0\u00a0\u00a0\u00a0\u00a0\u00a0\u00a0\u00a0\u00a0\u00a0\u00a0\u00a0\u00a0\u00a0\u00a0 \u00a0\u00a0\u00a0\u00a0\u00a0\u00a0\u00a0\u00a0\u00a0\u00a0\u00a0\u00a0\u00a0\u00a0\u00a0\u00a0\u00a0\u00a0\u00a0Scuola primaria<\/p>\n<p style=\"text-align: right;\">\u00a0 \u00a0 \u00a0 \u00a0 \u00a0 \u00a0 \u00a0 \u00a0 \u00a0 \u00a0 \u00a0 \u00a0 \u00a0 \u00a0 \u00a0 \u00a0 \u00a0 \u00a0 \u00a0 \u00a0 \u00a0 \u00a0 \u00a0 \u00a0 \u00a0 \u00a0 \u00a0 \u00a0 \u00a0 \u00a0 \u00a0 \u00a0 \u00a0 \u00a0 \u00a0 \u00a0 \u00a0 \u00a0 \u00a0 \u00a0 \u00a0 \u00a0 \u00a0 \u00a0 \u00a0 \u00a0 \u00a0 \u00a0 \u00a0 \u00a0 Scuola secondaria di primo grado<\/p>\n<p>\u00a0<\/p>\n<p>Si comunica che, in occasione delle festivit\u00e0 pasquali, la didattica a distanza sar\u00e0 sospesa da gioved\u00ec 9\u00a0 a marted\u00ec 14 aprile 2020.<\/p>\n<p>Le lezioni riprenderanno regolarmente mercoled\u00ec 15 aprile 2020.<\/p>\n<p>\u00a0<\/p>\n<p>\u00a0<\/p>\n<p style=\"text-align: center;\"><strong><img decoding=\"async\" src=\"https:\/\/old.icstolstoj.edu.it\/it\/wp-content\/uploads\/2019\/10\/image.png\" \/>\u00a0<\/strong><\/p>\n\n\n<p><\/p>\n","protected":false},"excerpt":{"rendered":"<p>\u00a0 \u00a0\u00a0\u00a0\u00a0\u00a0\u00a0\u00a0\u00a0\u00a0\u00a0\u00a0\u00a0\u00a0\u00a0\u00a0\u00a0\u00a0\u00a0\u00a0\u00a0\u00a0\u00a0\u00a0\u00a0\u00a0\u00a0\u00a0\u00a0\u00a0\u00a0\u00a0\u00a0\u00a0\u00a0\u00a0\u00a0\u00a0\u00a0\u00a0\u00a0\u00a0\u00a0\u00a0\u00a0\u00a0\u00a0\u00a0\u00a0\u00a0\u00a0\u00a0\u00a0\u00a0\u00a0\u00a0\u00a0\u00a0\u00a0\u00a0\u00a0\u00a0\u00a0\u00a0\u00a0\u00a0\u00a0\u00a0\u00a0\u00a0\u00a0\u00a0\u00a0\u00a0\u00a0\u00a0\u00a0\u00a0\u00a0\u00a0\u00a0\u00a0\u00a0\u00a0\u00a0\u00a0\u00a0\u00a0\u00a0\u00a0\u00a0\u00a0 Alle famiglie degli alunni \u00a0\u00a0\u00a0\u00a0\u00a0\u00a0\u00a0\u00a0\u00a0\u00a0\u00a0\u00a0\u00a0\u00a0\u00a0\u00a0\u00a0\u00a0\u00a0\u00a0\u00a0\u00a0\u00a0\u00a0\u00a0\u00a0\u00a0\u00a0\u00a0\u00a0\u00a0\u00a0\u00a0\u00a0\u00a0\u00a0\u00a0\u00a0\u00a0\u00a0\u00a0\u00a0\u00a0\u00a0\u00a0\u00a0\u00a0\u00a0\u00a0\u00a0\u00a0\u00a0\u00a0\u00a0\u00a0\u00a0\u00a0 \u00a0\u00a0\u00a0\u00a0\u00a0\u00a0\u00a0\u00a0\u00a0\u00a0\u00a0\u00a0\u00a0\u00a0\u00a0\u00a0\u00a0\u00a0\u00a0Scuola primaria \u00a0 \u00a0 \u00a0 \u00a0 \u00a0 \u00a0 \u00a0 \u00a0 \u00a0 \u00a0 \u00a0 \u00a0 \u00a0 \u00a0 \u00a0 \u00a0 \u00a0 \u00a0 \u00a0 \u00a0 \u00a0 \u00a0 \u00a0 \u00a0 \u00a0 \u00a0 \u00a0 \u00a0 \u00a0 \u00a0 \u00a0 \u00a0 \u00a0 \u00a0 \u00a0 \u00a0 \u00a0 \u00a0 \u00a0 \u00a0 \u00a0 \u00a0 \u00a0 \u00a0 \u00a0 \u00a0 [&hellip;]<\/p>\n","protected":false},"author":3,"featured_media":0,"comment_status":"closed","ping_status":"open","sticky":false,"template":"","format":"standard","meta":{"_et_pb_use_builder":"","_et_pb_old_content":"","_et_gb_content_width":""},"categories":[131],"tags":[],"_links":{"self":[{"href":"https:\/\/old.icstolstoj.edu.it\/it\/wp-json\/wp\/v2\/posts\/14870"}],"collection":[{"href":"https:\/\/old.icstolstoj.edu.it\/it\/wp-json\/wp\/v2\/posts"}],"about":[{"href":"https:\/\/old.icstolstoj.edu.it\/it\/wp-json\/wp\/v2\/types\/post"}],"author":[{"embeddable":true,"href":"https:\/\/old.icstolstoj.edu.it\/it\/wp-json\/wp\/v2\/users\/3"}],"replies":[{"embeddable":true,"href":"https:\/\/old.icstolstoj.edu.it\/it\/wp-json\/wp\/v2\/comments?post=14870"}],"version-history":[{"count":0,"href":"https:\/\/old.icstolstoj.edu.it\/it\/wp-json\/wp\/v2\/posts\/14870\/revisions"}],"wp:attachment":[{"href":"https:\/\/old.icstolstoj.edu.it\/it\/wp-json\/wp\/v2\/media?parent=14870"}],"wp:term":[{"taxonomy":"category","embeddable":true,"href":"https:\/\/old.icstolstoj.edu.it\/it\/wp-json\/wp\/v2\/categories?post=14870"},{"taxonomy":"post_tag","embeddable":true,"href":"https:\/\/old.icstolstoj.edu.it\/it\/wp-json\/wp\/v2\/tags?post=14870"}],"curies":[{"name":"wp","href":"https:\/\/api.w.org\/{rel}","templated":true}]}}