{"id":15399,"date":"2020-05-30T09:54:37","date_gmt":"2020-05-30T07:54:37","guid":{"rendered":"http:\/\/old.icstolstoj.edu.it\/it\/?p=15399"},"modified":"2020-06-04T10:05:31","modified_gmt":"2020-06-04T08:05:31","slug":"225-sciopero-nazionale-di-tutti-i-lavoratori-dei-comparti-istruzione-universita-e-ricercanonche-di-tutto-il-personale-a-tempo-indeterminato-determinato-ata-atipico-e-precari-della-scuola-dellun","status":"publish","type":"post","link":"https:\/\/old.icstolstoj.edu.it\/it\/2020\/05\/225-sciopero-nazionale-di-tutti-i-lavoratori-dei-comparti-istruzione-universita-e-ricercanonche-di-tutto-il-personale-a-tempo-indeterminato-determinato-ata-atipico-e-precari-della-scuola-dellun\/","title":{"rendered":"225 &#8211; Sciopero nazionale di tutti i lavoratori dei Comparti Istruzione Universit\u00e0 e Ricerca,nonch\u00e9 di tutto il personale a tempo indeterminato, determinato ATA, atipico e precari della Scuola, dell&#8217;Universit\u00e0 e della Ricerca. ADL Cobas. 5 giugno"},"content":{"rendered":"","protected":true},"excerpt":{"rendered":"","protected":true},"author":3,"featured_media":0,"comment_status":"closed","ping_status":"open","sticky":false,"template":"","format":"standard","meta":{"_et_pb_use_builder":"","_et_pb_old_content":"","_et_gb_content_width":""},"categories":[129],"tags":[],"_links":{"self":[{"href":"https:\/\/old.icstolstoj.edu.it\/it\/wp-json\/wp\/v2\/posts\/15399"}],"collection":[{"href":"https:\/\/old.icstolstoj.edu.it\/it\/wp-json\/wp\/v2\/posts"}],"about":[{"href":"https:\/\/old.icstolstoj.edu.it\/it\/wp-json\/wp\/v2\/types\/post"}],"author":[{"embeddable":true,"href":"https:\/\/old.icstolstoj.edu.it\/it\/wp-json\/wp\/v2\/users\/3"}],"replies":[{"embeddable":true,"href":"https:\/\/old.icstolstoj.edu.it\/it\/wp-json\/wp\/v2\/comments?post=15399"}],"version-history":[{"count":0,"href":"https:\/\/old.icstolstoj.edu.it\/it\/wp-json\/wp\/v2\/posts\/15399\/revisions"}],"wp:attachment":[{"href":"https:\/\/old.icstolstoj.edu.it\/it\/wp-json\/wp\/v2\/media?parent=15399"}],"wp:term":[{"taxonomy":"category","embeddable":true,"href":"https:\/\/old.icstolstoj.edu.it\/it\/wp-json\/wp\/v2\/categories?post=15399"},{"taxonomy":"post_tag","embeddable":true,"href":"https:\/\/old.icstolstoj.edu.it\/it\/wp-json\/wp\/v2\/tags?post=15399"}],"curies":[{"name":"wp","href":"https:\/\/api.w.org\/{rel}","templated":true}]}}