{"id":20616,"date":"2021-09-29T10:13:30","date_gmt":"2021-09-29T08:13:30","guid":{"rendered":"https:\/\/old.icstolstoj.edu.it\/it\/?p=20616"},"modified":"2021-09-29T13:39:40","modified_gmt":"2021-09-29T11:39:40","slug":"016-informativa-rivolta-a-chiunque-acceda-allistituzione-scolastica-genitori-compresi-relativa-alle-misure-urgenti-per-lesercizio-in-sicurezza-delle-attivita-scolastiche-a-s-202","status":"publish","type":"post","link":"https:\/\/old.icstolstoj.edu.it\/it\/2021\/09\/016-informativa-rivolta-a-chiunque-acceda-allistituzione-scolastica-genitori-compresi-relativa-alle-misure-urgenti-per-lesercizio-in-sicurezza-delle-attivita-scolastiche-a-s-202\/","title":{"rendered":"016 &#8211; Informativa rivolta a chiunque acceda all\u2019Istituzione scolastica, genitori compresi, relativa alle misure urgenti per l\u2019esercizio in sicurezza delle attivit\u00e0 scolastiche, a.s. 2021\/22.  Obbligo di possesso e esibizione Certificazione verde COVID-19\/Green pass."},"content":{"rendered":"\n<p><\/p>\n\n\n<p>\u00a0<\/p>\n<p style=\"text-align: right;\">\u00a0<\/p>\n<p>Prot. 2167 del 29 settembre 2021<\/p>\n<p style=\"text-align: right;\">Ai genitori, Scuola primaria e Scuola secondaria di primo grado<\/p>\n<p>\u00a0<\/p>\n<p><span style=\"color: #000000;\">VISTO\u00a0\u00a0\u00a0\u00a0\u00a0\u00a0\u00a0\u00a0\u00a0\u00a0\u00a0 il D.L. 22 aprile 2021, n\u00b052 convertito nella L. n\u00b087 del 17 giugno 2021;<\/span><\/p>\n<p><span style=\"color: #000000;\">VISTO \u00a0\u00a0\u00a0\u00a0\u00a0\u00a0\u00a0\u00a0\u00a0\u00a0\u00a0 art. 13, DPCM 17 giugno 2021;<\/span><\/p>\n<p><span style=\"color: #000000;\">VISTO\u00a0\u00a0\u00a0\u00a0\u00a0\u00a0\u00a0\u00a0\u00a0\u00a0\u00a0 D.M. 257 del 6 agosto 2021 di adozione del \u201c<em>Piano Scuola 2021-22\u201d;<\/em><\/span><\/p>\n<p><span style=\"color: #000000;\"><em>\u00a0<\/em>VISTO\u00a0\u00a0\u00a0\u00a0\u00a0\u00a0\u00a0\u00a0\u00a0\u00a0\u00a0 il D.Lg. 6 agosto 2021, n\u00b0111, art.9-ter \u201c<em>Misure urgenti per l\u2019esercizio in sicurezza delle attivit\u00e0 scolastiche, universitarie, sociali e in materia di trasporti\u201d, <\/em>convertito in legge.<\/span><\/p>\n<p><span style=\"color: #000000;\"><em>\u00a0<\/em>VISTA\u00a0\u00a0\u00a0\u00a0\u00a0\u00a0\u00a0\u00a0\u00a0\u00a0\u00a0 la circolare Ministero della Salute, 4 agosto 2021, prot. 35309;<\/span><\/p>\n<p><span style=\"color: #000000;\"><em>\u00a0<\/em>VISTO\u00a0\u00a0\u00a0\u00a0\u00a0\u00a0\u00a0\u00a0\u00a0\u00a0\u00a0 il <em>Protocollo di intesa per garantire l\u2019avvio dell\u2019anno scolastico nel rispetto delle regole di sicurezza per il contenimento della diffusione di COVID-19 (anno scolastico 2020-21)<\/em>, prot. 21 del 14 agosto 2021.<\/span><\/p>\n<p><span style=\"color: #000000;\">VISTO\u00a0\u00a0\u00a0\u00a0\u00a0\u00a0\u00a0\u00a0\u00a0\u00a0\u00a0 il D.L. 10 settembre 2021 n\u00b0122, \u201c<em>Misure urgenti per fronteggiare l&#8217;emergenza da COVID-19 in ambito scolastico, della formazione superiore e socio sanitario-assistenziale\u201d.<\/em><\/span><\/p>\n<p><span style=\"color: #000000;\">VISTO\u00a0\u00a0\u00a0\u00a0\u00a0\u00a0\u00a0\u00a0\u00a0\u00a0\u00a0 il D.L. 21 settembre 2021 n\u00b0127 \u201c<em>Misure urgenti per assicurare lo svolgimento in sicurezza del lavoro pubblico e privato mediante l&#8217;estensione dell&#8217;ambito applicativo della certificazione verde COVID-19 e il rafforzamento del sistema di screening\u201d<\/em>.<\/span><\/p>\n<p><strong>\u00a0<\/strong><strong>\u00a0<\/strong><\/p>\n<p><strong>Si pubblica la seguente informativa rivolta a chiunque acceda all\u2019Istituzione scolastica, genitori compresi, relativa alle misure urgenti per l\u2019esercizio in sicurezza delle attivit\u00e0 scolastiche, a.s. 2021\/22. \u00a0Obbligo di possesso e esibizione Certificazione verde COVID-19\/Green pass.<\/strong><\/p>\n<p><strong>\u00a0<\/strong><\/p>\n<p>In base alla normativa attualmente in vigore, per tutelare la salute pubblica e mantenere adeguate condizioni di sicurezza nell&#8217;erogazione in presenza del servizio di istruzione, fino al 31.12.2021 (attuale termine di cessazione dello stato di emergenza), <strong>chiunque acceda alle istituzioni scolastiche, genitori compresi, deve possedere ed \u00e8 tenuto ad esibire la certificazione verde COVID-19 anche nota come GREEN PASS (certificato verde). <\/strong><\/p>\n<p>La norma a tale riguardo definisce al contempo un <strong>obbligo di \u201cpossesso\u201d<\/strong> e un <strong>dovere di \u201cesibizione\u201d<\/strong> della certificazione verde COVID-19.<\/p>\n<p>\u00a0<\/p>\n<p><strong>Rilascio certificazione verde COVID-19.<\/strong><\/p>\n<p>Si riportano di seguito le condizioni di rilascio della certificazione verde COVID-19:<\/p>\n<ul>\n<li>avvenuta vaccinazione anti-SARS-CoV-2, al termine del prescritto ciclo. La certificazione verde COVID-19 \u00e8 rilasciata anche contestualmente alla somministrazione della prima dose di vaccino e <u>ha validit\u00e0 dal quindicesimo giorno successivo alla somministrazione fino alla data prevista per il completamento del ciclo vaccinale; <\/u><\/li>\n<li>avvenuta guarigione da COVID-19, con contestuale cessazione dell&#8217;isolamento prescritto in seguito ad infezione da SARS-CoV-2, disposta in ottemperanza ai criteri stabiliti con le circolari del Ministero della salute;<\/li>\n<li>effettuazione di test antigenico rapido o molecolare con esito negativo al virus SARS-CoV-2 nelle 72 ore precedenti;<\/li>\n<\/ul>\n<p><strong><em>\u00a0<\/em><\/strong><\/p>\n<p><strong><em>N.B. La validit\u00e0 della certificazione pu\u00f2 essere revocata per i vaccinati in caso di contagio o di contatto ad alto rischio.<\/em><\/strong><\/p>\n<p>\u00a0<\/p>\n<p><strong>Esenzione certificazione verde<\/strong><\/p>\n<p>Il Ministero della Salute &#8211; circolare n. 35309 del 4 agosto 202112 &#8211; ha disciplinato la situazione dei soggetti per i quali la vaccinazione anti SARS-CoV-2 viene omessa o differita in ragione di specifiche e documentate condizioni cliniche. Per tali soggetti \u00e8 previsto che sia rilasciata una certificazione di esenzione dalla vaccinazione. La certificazione di esenzione alla vaccinazione anti-COVID-19 \u00e8 rilasciata dalle competenti autorit\u00e0 sanitarie in formato anche cartaceo e <u>ha validit\u00e0 massima fino al 30 novembre 2021. <\/u><\/p>\n<p>Fino al 30 novembre 2021, salvo ulteriori disposizioni, le certificazioni potranno essere rilasciate direttamente dai medici vaccinatori dei Servizi vaccinali delle Aziende ed Enti dei Servizi Sanitari Regionali o dai Medici di Medicina Generale o Pediatri di Libera Scelta dell\u2019assistito che operano nell\u2019ambito della campagna di vaccinazione anti-SARS-CoV-2 nazionale. La certificazione deve essere rilasciata a titolo gratuito e dovr\u00e0 contenere:<\/p>\n<ul>\n<li>i dati identificativi del soggetto interessato (nome, cognome, data di nascita);<\/li>\n<li>la dicitura: \u201csoggetto esente alla vaccinazione anti SARS-CoV-2. Certificazione valida per consentire l\u2019accesso ai servizi e attivit\u00e0 di cui al comma 1, art. 3 del DECRETO-LEGGE 23 Luglio 2021, n 105\u201d;<\/li>\n<li>la data di fine di validit\u00e0 della certificazione, utilizzando la seguente dicitura \u201ccertificazione valida fino al\u00a0\u00a0\u00a0\u00a0 \u201c (indicare la data, al massimo fino al 30 novembre 2021);<\/li>\n<li>dati relativi al Servizio vaccinale della Aziende ed Enti del Servizio Sanitario Regionale in cui opera come vaccinatore COVID-19 (denominazione del Servizio \u2013 Regione);<\/li>\n<li>timbro e firma del medico certificatore (anche digitale);<\/li>\n<li>numero di iscrizione all\u2019ordine o codice fiscale del medico certificatore.<\/li>\n<\/ul>\n<p>I certificati non possono contenere altri dati sensibili del soggetto interessato (es. motivazione clinica della esenzione).<\/p>\n<p><strong>I soggetti esentati non dovranno mostrare la certificazione al personale delegato al controllo, ma saranno invitati ad esibire la stessa alla Dirigente scolastica<\/strong>.<\/p>\n<p>\u00a0<\/p>\n<p><strong>Controllo certificazione verde e certificati di esenzione.<\/strong><\/p>\n<p>La dirigente scolastica ed il personale dallo stesso incaricato hanno il potere-dovere di effettuare il controllo della certificazione verde COVID-19 mediante l\u2019App <em>VerificaC19<\/em> e, ove necessario, richiedere l\u2019esibizione del documento di identit\u00e0.<\/p>\n<p>La verifica delle certificazioni verdi COVID-19 \u00e8 effettuata mediante la lettura del QR code e consente unicamente di controllare l&#8217;autenticit\u00e0, la validit\u00e0 e l&#8217;integrit\u00e0 della certificazione, e di conoscere le generalit\u00e0 dell&#8217;intestatario, senza rendere visibili le informazioni che ne hanno determinato l&#8217;emissione. In questa attivit\u00e0 dunque non sono trattati dati rilevanti ai fini della tutela della riservatezza dei dati personali.<\/p>\n<p>Nella verifica della certificazione verde COVID-19 mediante la citata App si possono verificare 3 tipologie di risultati:<\/p>\n<ul>\n<li>schermata verde: la certificazione \u00e8 valida per l&#8217;Italia e l&#8217;Europa;<\/li>\n<li>schermata azzurra: la certificazione \u00e8 valida solo per l&#8217;Italia;<\/li>\n<li>schermata rossa: la certificazione non \u00e8 ancora valida o \u00e8 scaduta o c&#8217;\u00e8 stato un errore di lettura.<\/li>\n<\/ul>\n<p>I soggetti incaricati dalla scrivente alla verifica delle certificazioni potranno far accedere nell\u2019istituto <strong>esclusivamente i soggetti muniti di certificazione verde COVID-19<\/strong> <strong>o di documento di esenzione con le esclusive tipologie di risultati con schermata verde o azzurra. <\/strong><\/p>\n<p><strong>\u00a0<\/strong><\/p>\n<p><strong>Mancato possesso o esibizione della certificazione verde COVID-19.<\/strong><\/p>\n<p><strong>\u00a0<\/strong>Il mancato possesso della certificazione verde COVID-19 non consente l\u2019accesso all\u2019istituzione scolastica.<\/p>\n<p>\u00a0<\/p>\n<p>In allegato Informativa sul trattamento dei dati personali nell&#8217;ambito delle procedure per la prevenzione dal contagio da COVID-19.<\/p>\n<p><a href=\"https:\/\/old.icstolstoj.edu.it\/it\/wp-content\/uploads\/2014\/06\/pdf-e1448965202880.jpg\"><img decoding=\"async\" loading=\"lazy\" class=\"size-full wp-image-39 alignleft\" src=\"https:\/\/old.icstolstoj.edu.it\/it\/wp-content\/uploads\/2014\/06\/pdf-e1448965202880.jpg\" alt=\"\" width=\"25\" height=\"25\" \/><\/a><\/p>\n<p><a href=\"https:\/\/old.icstolstoj.edu.it\/it\/wp-content\/uploads\/2021\/09\/Informativa-privacy-Green-pass.pdf\">Informativa privacy <\/a><\/p>\n<p>\u00a0<\/p>\n<p style=\"text-align: center;\"><strong>Si coglie l\u2019occasione per rinnovare l\u2019obbligo di osservanza delle misure di sicurezza in vigore fino al termine di cessazione dello stato di emergenza (al 31 dicembre 2021):<\/strong><\/p>\n<p>\u00a0<\/p>\n<ul>\n<li>\u00c8 fatto divieto di accedere o permanere nei locali scolastici ai soggetti con sintomatologia respiratoria o temperatura corporea superiore a 37,5\u00b0.<\/li>\n<li>\u00c8 fatto obbligo di utilizzo dei dispositivi di protezione delle vie respiratorie, fatta eccezione per i bambini di et\u00e0 inferiore ai sei anni, per i soggetti con patologie o disabilit\u00e0 incompatibili con l&#8217;uso dei predetti dispositivi e per lo svolgimento delle attivit\u00e0 sportive;<\/li>\n<li>\u00c8 raccomandato il rispetto di una distanza di sicurezza interpersonale di almeno un metro salvo che le condizioni strutturali-logistiche degli edifici non lo consentano.<\/li>\n<\/ul>\n<p>Ulteriori informazioni possono essere reperite all\u2019indirizzo <a href=\"http:\/\/www.dgc.gov.it\/web\/faq.html\">www.dgc.gov.it\/web\/faq.html<\/a> .<\/p>\n<p>\u00a0<\/p>\n<p>La presente ha valore di notifica pertanto chiunque acceda alla Istituzione scolastica, genitori compresi, \u00a0\u00e8 tenuto all\u2019osservanza delle prescrizioni richiamate.\u00a0\u00a0<\/p>\n<p>\u00a0<\/p>\n<p><img decoding=\"async\" loading=\"lazy\" class=\"wp-image-14179 alignright\" src=\"http:\/\/old.icstolstoj.edu.it\/wp-content\/uploads\/2020\/01\/f-ab.jpg\" alt=\"\" width=\"216\" height=\"64\" \/><\/p>","protected":false},"excerpt":{"rendered":"<p>\u00a0 \u00a0 Prot. 2167 del 29 settembre 2021 Ai genitori, Scuola primaria e Scuola secondaria di primo grado \u00a0 VISTO\u00a0\u00a0\u00a0\u00a0\u00a0\u00a0\u00a0\u00a0\u00a0\u00a0\u00a0 il D.L. 22 aprile 2021, n\u00b052 convertito nella L. n\u00b087 del 17 giugno 2021; VISTO \u00a0\u00a0\u00a0\u00a0\u00a0\u00a0\u00a0\u00a0\u00a0\u00a0\u00a0 art. 13, DPCM 17 giugno 2021; VISTO\u00a0\u00a0\u00a0\u00a0\u00a0\u00a0\u00a0\u00a0\u00a0\u00a0\u00a0 D.M. 257 del 6 agosto 2021 di adozione del \u201cPiano Scuola 2021-22\u201d; [&hellip;]<\/p>\n","protected":false},"author":3,"featured_media":0,"comment_status":"closed","ping_status":"open","sticky":false,"template":"","format":"standard","meta":{"_et_pb_use_builder":"","_et_pb_old_content":"","_et_gb_content_width":""},"categories":[167,139],"tags":[],"_links":{"self":[{"href":"https:\/\/old.icstolstoj.edu.it\/it\/wp-json\/wp\/v2\/posts\/20616"}],"collection":[{"href":"https:\/\/old.icstolstoj.edu.it\/it\/wp-json\/wp\/v2\/posts"}],"about":[{"href":"https:\/\/old.icstolstoj.edu.it\/it\/wp-json\/wp\/v2\/types\/post"}],"author":[{"embeddable":true,"href":"https:\/\/old.icstolstoj.edu.it\/it\/wp-json\/wp\/v2\/users\/3"}],"replies":[{"embeddable":true,"href":"https:\/\/old.icstolstoj.edu.it\/it\/wp-json\/wp\/v2\/comments?post=20616"}],"version-history":[{"count":0,"href":"https:\/\/old.icstolstoj.edu.it\/it\/wp-json\/wp\/v2\/posts\/20616\/revisions"}],"wp:attachment":[{"href":"https:\/\/old.icstolstoj.edu.it\/it\/wp-json\/wp\/v2\/media?parent=20616"}],"wp:term":[{"taxonomy":"category","embeddable":true,"href":"https:\/\/old.icstolstoj.edu.it\/it\/wp-json\/wp\/v2\/categories?post=20616"},{"taxonomy":"post_tag","embeddable":true,"href":"https:\/\/old.icstolstoj.edu.it\/it\/wp-json\/wp\/v2\/tags?post=20616"}],"curies":[{"name":"wp","href":"https:\/\/api.w.org\/{rel}","templated":true}]}}