{"id":21449,"date":"2021-12-12T15:07:51","date_gmt":"2021-12-12T14:07:51","guid":{"rendered":"https:\/\/old.icstolstoj.edu.it\/it\/?p=21449"},"modified":"2021-12-12T15:13:17","modified_gmt":"2021-12-12T14:13:17","slug":"057-piano-di-vaccinazione-anti-covid-19-di-regione-lombardia-cittadini-con-eta-compresa-fra-5-e-11-anni","status":"publish","type":"post","link":"https:\/\/old.icstolstoj.edu.it\/it\/2021\/12\/057-piano-di-vaccinazione-anti-covid-19-di-regione-lombardia-cittadini-con-eta-compresa-fra-5-e-11-anni\/","title":{"rendered":"057 &#8211; Piano di vaccinazione anti Covid-19 di Regione Lombardia &#8211; Cittadini con et\u00e0 compresa fra 5 e 11 anni"},"content":{"rendered":"\n<p><\/p>\n\n\n\n<p><\/p>\n\n\n<p>\u00a0<\/p>\n<p style=\"text-align: right;\">Ai genitori<\/p>\n<p>Gentili Genitori, come probabilmente gi\u00e0 sapete a partire da <strong>domenica 12 dicembre <\/strong>\u00e8 possibile prenotare la prima dose di vaccino anti Covid-19 anche <strong>per i bambini dai 5 agli 11 anni.<\/strong><\/p>\n<p>Mi fa piacere segnalarvi che per sostenere i genitori nella scelta di vaccinare i propri figli, Regione Lombardia ha organizzato per <strong>gioved\u00ec 16 dicembre, dalle 17 alle 19<\/strong>, sulle <strong>pagine Facebook della Regione Lombardia e di LombardiaNotizieOnline, <\/strong>una nuova diretta social \u201c<em>Stop ai dubbi<\/em>\u201c dedicata ai bambini per chiarire ogni aspetto legato alla vaccinazione dei pi\u00f9 piccoli. Durante la diretta sar\u00e0 quindi possibile approfondire il tema delle vaccinazioni anti-Covid in et\u00e0 pediatrica con l\u2019aiuto di Giuseppe Banderali, direttore Neonatologia e Patologia Neonatale dell\u2019Ospedale San Paolo di Milano, Raffaele Badolato, direttore della Pediatria degli Spedali Civili di Brescia e presidente lombardo della Societ\u00e0 Italiana di Pediatria, Andrea Biondi, direttore scientifico della Fondazione Monza e Brianza per il Bambino e la sua Mamma, Maria Antonella Costantino, direttrice Neuropsichiatria dell\u2019Infanzia e dell\u2019Adolescenza alla Fondazione Irccs Ca\u2019 Granda Policlinico e Alberto Mantovani, direttore scientifico dell\u2019Istituto Clinico Humanitas.<\/p>\n<p>In vista dell&#8217;evento \u00e8 gi\u00e0 possibile inviare domande alla mail <a href=\"mailto:stopaidubbi@regione.lombardia.it\">stopaidubbi@regione.lombardia.it <\/a>o mandare un messaggio whatsapp al numero 334.6324686.<\/p>\n<p>Cordiali saluti.<\/p>\n<p><em>\u00a0<\/em><\/p>\n\n\n<div class=\"wp-block-image\"><figure class=\"alignright\"><img decoding=\"async\" loading=\"lazy\" width=\"268\" height=\"101\" src=\"http:\/\/old.icstolstoj.edu.it\/wp-content\/uploads\/2019\/09\/fDS.jpg\" alt=\"\" class=\"wp-image-12718\"\/><\/figure><\/div>\n\n\n\n<figure class=\"wp-block-image\"><img decoding=\"async\" src=\"\" alt=\"http:\/\/old.icstolstoj.edu.it\/wp-content\/uploads\/2020\/01\/f-ab.jpg\"\/><\/figure>\n","protected":false},"excerpt":{"rendered":"<p>\u00a0 Ai genitori Gentili Genitori, come probabilmente gi\u00e0 sapete a partire da domenica 12 dicembre \u00e8 possibile prenotare la prima dose di vaccino anti Covid-19 anche per i bambini dai 5 agli 11 anni. Mi fa piacere segnalarvi che per sostenere i genitori nella scelta di vaccinare i propri figli, Regione Lombardia ha organizzato per [&hellip;]<\/p>\n","protected":false},"author":3,"featured_media":0,"comment_status":"closed","ping_status":"open","sticky":false,"template":"","format":"standard","meta":{"_et_pb_use_builder":"","_et_pb_old_content":"","_et_gb_content_width":""},"categories":[167],"tags":[],"_links":{"self":[{"href":"https:\/\/old.icstolstoj.edu.it\/it\/wp-json\/wp\/v2\/posts\/21449"}],"collection":[{"href":"https:\/\/old.icstolstoj.edu.it\/it\/wp-json\/wp\/v2\/posts"}],"about":[{"href":"https:\/\/old.icstolstoj.edu.it\/it\/wp-json\/wp\/v2\/types\/post"}],"author":[{"embeddable":true,"href":"https:\/\/old.icstolstoj.edu.it\/it\/wp-json\/wp\/v2\/users\/3"}],"replies":[{"embeddable":true,"href":"https:\/\/old.icstolstoj.edu.it\/it\/wp-json\/wp\/v2\/comments?post=21449"}],"version-history":[{"count":0,"href":"https:\/\/old.icstolstoj.edu.it\/it\/wp-json\/wp\/v2\/posts\/21449\/revisions"}],"wp:attachment":[{"href":"https:\/\/old.icstolstoj.edu.it\/it\/wp-json\/wp\/v2\/media?parent=21449"}],"wp:term":[{"taxonomy":"category","embeddable":true,"href":"https:\/\/old.icstolstoj.edu.it\/it\/wp-json\/wp\/v2\/categories?post=21449"},{"taxonomy":"post_tag","embeddable":true,"href":"https:\/\/old.icstolstoj.edu.it\/it\/wp-json\/wp\/v2\/tags?post=21449"}],"curies":[{"name":"wp","href":"https:\/\/api.w.org\/{rel}","templated":true}]}}