{"id":23317,"date":"2022-09-21T11:00:21","date_gmt":"2022-09-21T09:00:21","guid":{"rendered":"https:\/\/old.icstolstoj.edu.it\/it\/?p=23317"},"modified":"2022-09-21T11:18:42","modified_gmt":"2022-09-21T09:18:42","slug":"013-elezioni-politiche-25-settembre-2022-sospensione-dellattivita-didattica-scuola-secondaria-di-primo-grado","status":"publish","type":"post","link":"https:\/\/old.icstolstoj.edu.it\/it\/2022\/09\/013-elezioni-politiche-25-settembre-2022-sospensione-dellattivita-didattica-scuola-secondaria-di-primo-grado\/","title":{"rendered":"013- Elezioni politiche 25 settembre 2022. Sospensione dell&#8217;attivit\u00e0 didattica. Scuola secondaria di primo grado."},"content":{"rendered":"<p style=\"text-align: right;\">Ai genitori degli alunni\/e\u00a0<\/p>\n<p style=\"text-align: right;\">Scuola Secondaria di I grado<\/p>\n<p>\u00a0<\/p>\n<p>Si comunica alle famiglie che a causa delle elezioni politiche del 25 settembre 2022 le lezioni nella Scuola secondaria di primo grado, sede di seggi,\u00a0 saranno sospese in data luned\u00ec 26 settembre 2022.<\/p>\n<p>L&#8217;attivit\u00e0 didattica riprender\u00e0 regolarmente marted\u00ec 27 settembre 2022.<\/p>\n<p>L&#8217;attivit\u00e0 didattica della Scuola primaria si svolger\u00e0 regolarmente.<\/p>\n<p>Cordialit\u00e0<\/p>\n<p>\u00a0 \u00a0 \u00a0 \u00a0 \u00a0 \u00a0 \u00a0 \u00a0 \u00a0 \u00a0 \u00a0 \u00a0 \u00a0 \u00a0 \u00a0 \u00a0 \u00a0 \u00a0 \u00a0 \u00a0 \u00a0 \u00a0 \u00a0 \u00a0 \u00a0 \u00a0 \u00a0 \u00a0 \u00a0 \u00a0 \u00a0 \u00a0 \u00a0 \u00a0 \u00a0 \u00a0 \u00a0 \u00a0 \u00a0 \u00a0 \u00a0 \u00a0 \u00a0 \u00a0 \u00a0 \u00a0 \u00a0 \u00a0 \u00a0 \u00a0 \u00a0 \u00a0 \u00a0 \u00a0 \u00a0 \u00a0 \u00a0 \u00a0 \u00a0 \u00a0 \u00a0 \u00a0 \u00a0 \u00a0 \u00a0 \u00a0 \u00a0 \u00a0 \u00a0 \u00a0 \u00a0 \u00a0 \u00a0\u00a0<img decoding=\"async\" loading=\"lazy\" class=\"alignnone size-full wp-image-14179 aligncenter\" src=\"http:\/\/old.icstolstoj.edu.it\/wp-content\/uploads\/2020\/01\/f-ab.jpg\" alt=\"\" width=\"256\" height=\"76\" \/><\/p>\n\n\n<p><\/p>\n","protected":false},"excerpt":{"rendered":"<p>Ai genitori degli alunni\/e\u00a0 Scuola Secondaria di I grado \u00a0 Si comunica alle famiglie che a causa delle elezioni politiche del 25 settembre 2022 le lezioni nella Scuola secondaria di primo grado, sede di seggi,\u00a0 saranno sospese in data luned\u00ec 26 settembre 2022. L&#8217;attivit\u00e0 didattica riprender\u00e0 regolarmente marted\u00ec 27 settembre 2022. L&#8217;attivit\u00e0 didattica della Scuola [&hellip;]<\/p>\n","protected":false},"author":3,"featured_media":0,"comment_status":"closed","ping_status":"open","sticky":false,"template":"","format":"standard","meta":{"_et_pb_use_builder":"","_et_pb_old_content":"","_et_gb_content_width":""},"categories":[177],"tags":[],"_links":{"self":[{"href":"https:\/\/old.icstolstoj.edu.it\/it\/wp-json\/wp\/v2\/posts\/23317"}],"collection":[{"href":"https:\/\/old.icstolstoj.edu.it\/it\/wp-json\/wp\/v2\/posts"}],"about":[{"href":"https:\/\/old.icstolstoj.edu.it\/it\/wp-json\/wp\/v2\/types\/post"}],"author":[{"embeddable":true,"href":"https:\/\/old.icstolstoj.edu.it\/it\/wp-json\/wp\/v2\/users\/3"}],"replies":[{"embeddable":true,"href":"https:\/\/old.icstolstoj.edu.it\/it\/wp-json\/wp\/v2\/comments?post=23317"}],"version-history":[{"count":0,"href":"https:\/\/old.icstolstoj.edu.it\/it\/wp-json\/wp\/v2\/posts\/23317\/revisions"}],"wp:attachment":[{"href":"https:\/\/old.icstolstoj.edu.it\/it\/wp-json\/wp\/v2\/media?parent=23317"}],"wp:term":[{"taxonomy":"category","embeddable":true,"href":"https:\/\/old.icstolstoj.edu.it\/it\/wp-json\/wp\/v2\/categories?post=23317"},{"taxonomy":"post_tag","embeddable":true,"href":"https:\/\/old.icstolstoj.edu.it\/it\/wp-json\/wp\/v2\/tags?post=23317"}],"curies":[{"name":"wp","href":"https:\/\/api.w.org\/{rel}","templated":true}]}}