{"id":24343,"date":"2023-01-24T11:59:43","date_gmt":"2023-01-24T10:59:43","guid":{"rendered":"https:\/\/old.icstolstoj.edu.it\/it\/?p=24343"},"modified":"2023-01-24T12:03:53","modified_gmt":"2023-01-24T11:03:53","slug":"049-elezioni-regionali-del-12-e-13-febbraio-2023-sospensione-dellattivita-didattica-scuola-secondaria-di-primo-grado","status":"publish","type":"post","link":"https:\/\/old.icstolstoj.edu.it\/it\/2023\/01\/049-elezioni-regionali-del-12-e-13-febbraio-2023-sospensione-dellattivita-didattica-scuola-secondaria-di-primo-grado\/","title":{"rendered":"049- Elezioni regionali del 12 e 13 febbraio 2023. Sospensione dell&#8217;attivit\u00e0 didattica. Scuola secondaria di primo grado."},"content":{"rendered":"<p style=\"text-align: right;\">Ai Genitori.\u00a0<\/p>\n<p style=\"text-align: right;\">Scuola secondaria di primo grado<\/p>\n<p>\u00a0<\/p>\n<p>Si comunica che a causa delle elezioni del Presidente della Giunta Regionale e del Consiglio regionale del 12 e 13 febbraio le lezioni nella Scuola secondaria di primo grado, sede di seggi,\u00a0 <strong>saranno sospese in data luned\u00ec 13 febbraio 2023 e marted\u00ec 14 febbraio 2023.<\/strong><\/p>\n<p>L&#8217;attivit\u00e0 didattica riprender\u00e0 regolarmente mercoled\u00ec 15 febbraio 2023.<\/p>\n<p>L&#8217;attivit\u00e0 didattica della Scuola primaria si svolger\u00e0 regolarmente.<\/p>\n<p>Cordialit\u00e0<\/p>\n<p>\u00a0 \u00a0 \u00a0 \u00a0 \u00a0 \u00a0 \u00a0 \u00a0 \u00a0 \u00a0 \u00a0 \u00a0 \u00a0 \u00a0 \u00a0 \u00a0 \u00a0 \u00a0 \u00a0 \u00a0 \u00a0 \u00a0 \u00a0 \u00a0 \u00a0 \u00a0 \u00a0 \u00a0 \u00a0 \u00a0 \u00a0 \u00a0 \u00a0 \u00a0 \u00a0 \u00a0 \u00a0 \u00a0 \u00a0 \u00a0 \u00a0 \u00a0 \u00a0 \u00a0 \u00a0 \u00a0 \u00a0 \u00a0 \u00a0 \u00a0 \u00a0 \u00a0 \u00a0 \u00a0 \u00a0 \u00a0 \u00a0 \u00a0 \u00a0 \u00a0 \u00a0 \u00a0 \u00a0 \u00a0 \u00a0 \u00a0 \u00a0 \u00a0 \u00a0 \u00a0 \u00a0 \u00a0 \u00a0\u00a0<img decoding=\"async\" loading=\"lazy\" class=\"alignnone size-full wp-image-14179 aligncenter\" src=\"http:\/\/old.icstolstoj.edu.it\/wp-content\/uploads\/2020\/01\/f-ab.jpg\" alt=\"\" width=\"256\" height=\"76\" \/><\/p>\n\n\n<p><\/p>\n","protected":false},"excerpt":{"rendered":"<p>Ai Genitori.\u00a0 Scuola secondaria di primo grado \u00a0 Si comunica che a causa delle elezioni del Presidente della Giunta Regionale e del Consiglio regionale del 12 e 13 febbraio le lezioni nella Scuola secondaria di primo grado, sede di seggi,\u00a0 saranno sospese in data luned\u00ec 13 febbraio 2023 e marted\u00ec 14 febbraio 2023. L&#8217;attivit\u00e0 didattica [&hellip;]<\/p>\n","protected":false},"author":3,"featured_media":0,"comment_status":"closed","ping_status":"open","sticky":false,"template":"","format":"standard","meta":{"_et_pb_use_builder":"","_et_pb_old_content":"","_et_gb_content_width":""},"categories":[177],"tags":[],"_links":{"self":[{"href":"https:\/\/old.icstolstoj.edu.it\/it\/wp-json\/wp\/v2\/posts\/24343"}],"collection":[{"href":"https:\/\/old.icstolstoj.edu.it\/it\/wp-json\/wp\/v2\/posts"}],"about":[{"href":"https:\/\/old.icstolstoj.edu.it\/it\/wp-json\/wp\/v2\/types\/post"}],"author":[{"embeddable":true,"href":"https:\/\/old.icstolstoj.edu.it\/it\/wp-json\/wp\/v2\/users\/3"}],"replies":[{"embeddable":true,"href":"https:\/\/old.icstolstoj.edu.it\/it\/wp-json\/wp\/v2\/comments?post=24343"}],"version-history":[{"count":0,"href":"https:\/\/old.icstolstoj.edu.it\/it\/wp-json\/wp\/v2\/posts\/24343\/revisions"}],"wp:attachment":[{"href":"https:\/\/old.icstolstoj.edu.it\/it\/wp-json\/wp\/v2\/media?parent=24343"}],"wp:term":[{"taxonomy":"category","embeddable":true,"href":"https:\/\/old.icstolstoj.edu.it\/it\/wp-json\/wp\/v2\/categories?post=24343"},{"taxonomy":"post_tag","embeddable":true,"href":"https:\/\/old.icstolstoj.edu.it\/it\/wp-json\/wp\/v2\/tags?post=24343"}],"curies":[{"name":"wp","href":"https:\/\/api.w.org\/{rel}","templated":true}]}}