{"id":24365,"date":"2023-01-30T10:17:28","date_gmt":"2023-01-30T09:17:28","guid":{"rendered":"https:\/\/old.icstolstoj.edu.it\/it\/?p=24365"},"modified":"2023-01-30T10:42:47","modified_gmt":"2023-01-30T09:42:47","slug":"51-comparto-istruzione-e-ricerca-sezione-scuola-azione-di-sciopero-prevista-per-il-10-febbraio-2023-usb-p-i-scuola-sciopero-di-tutto-il-personale-del-comparto-scuola-docente","status":"publish","type":"post","link":"https:\/\/old.icstolstoj.edu.it\/it\/2023\/01\/51-comparto-istruzione-e-ricerca-sezione-scuola-azione-di-sciopero-prevista-per-il-10-febbraio-2023-usb-p-i-scuola-sciopero-di-tutto-il-personale-del-comparto-scuola-docente\/","title":{"rendered":"051- Comparto Istruzione e Ricerca \u2013Sezione Scuola. Azione di sciopero prevista per il 10 febbraio 2023.  USB P.I. SCUOLA &#8211;  Sciopero \u201cdi tutto il personale del comparto scuola docente, ata, educativo e dirigente a tempo determinato e indeterminato delle scuole in Italia e all\u2019estero\u201d per l\u2019intera giornata di venerd\u00ec 10 FEBBRAIO 2023."},"content":{"rendered":"\n<p><\/p>\n\n\n\n<p><\/p>\n\n\n<p style=\"text-align: right;\">\u00a0<\/p>\n<p><strong>Prot. n. 260\u00a0 \u00a0 \u00a0 \u00a0 \u00a0 \u00a0 \u00a0 \u00a0 \u00a0 \u00a0 \u00a0 \u00a0 \u00a0 \u00a0 \u00a0 \u00a0 \u00a0 \u00a0 \u00a0 \u00a0 \u00a0 \u00a0 \u00a0 \u00a0 \u00a0 \u00a0 \u00a0 \u00a0 \u00a0 \u00a0 \u00a0 \u00a0 \u00a0 \u00a0 \u00a0 \u00a0 \u00a0 \u00a0 \u00a0 \u00a0 \u00a0 \u00a0 \u00a0 \u00a0 \u00a0 \u00a0 \u00a0 \u00a0 \u00a0 \u00a0 \u00a0 \u00a0 \u00a0 \u00a0 \u00a0 \u00a0 \u00a0 \u00a0 \u00a0 \u00a0 \u00a0 \u00a0 \u00a0 \u00a0 \u00a0 \u00a0 \u00a0 \u00a0 \u00a0 \u00a0 \u00a0 \u00a0 \u00a0 \u00a0<\/strong>Milano 30\/01\/2023<\/p>\n<p>\u00a0<\/p>\n<p><strong>\u00a0 \u00a0 \u00a0 \u00a0 \u00a0 \u00a0 \u00a0 \u00a0 \u00a0 \u00a0 \u00a0 \u00a0 \u00a0 \u00a0 \u00a0 \u00a0 \u00a0 \u00a0 \u00a0 \u00a0 \u00a0 \u00a0 \u00a0 \u00a0 \u00a0 \u00a0 \u00a0 \u00a0 \u00a0 \u00a0 \u00a0 \u00a0 \u00a0 \u00a0 \u00a0 \u00a0 \u00a0 \u00a0 \u00a0 \u00a0 \u00a0 \u00a0 \u00a0 \u00a0 \u00a0 \u00a0 \u00a0 \u00a0 \u00a0 \u00a0 \u00a0 \u00a0 \u00a0 \u00a0 \u00a0 \u00a0 \u00a0 \u00a0 \u00a0 \u00a0 \u00a0 \u00a0 \u00a0 \u00a0 \u00a0 \u00a0 \u00a0 \u00a0 \u00a0 \u00a0 \u00a0 \u00a0 \u00a0 \u00a0 \u00a0 \u00a0 \u00a0 \u00a0 Ai Sigg. Genitori degli alunni<\/strong><\/p>\n<p><strong>\u00a0 \u00a0 \u00a0 \u00a0 \u00a0 \u00a0 \u00a0 \u00a0 \u00a0 \u00a0 \u00a0 \u00a0 \u00a0 \u00a0 \u00a0 \u00a0 \u00a0 \u00a0 \u00a0 \u00a0 \u00a0 \u00a0 \u00a0 \u00a0 \u00a0 \u00a0 \u00a0 \u00a0 \u00a0 \u00a0 \u00a0 \u00a0 \u00a0 \u00a0 \u00a0 \u00a0 \u00a0 \u00a0 \u00a0 \u00a0 \u00a0 \u00a0 \u00a0 \u00a0 \u00a0 \u00a0 \u00a0 \u00a0 \u00a0 \u00a0 \u00a0 \u00a0 \u00a0 \u00a0 \u00a0 \u00a0 \u00a0 \u00a0 \u00a0 \u00a0 \u00a0 \u00a0 \u00a0 \u00a0 \u00a0 \u00a0 \u00a0 \u00a0 \u00a0 \u00a0 \u00a0 \u00a0 \u00a0 \u00a0 \u00a0 \u00a0 \u00a0 \u00a0 \u00a0 \u00a0 \u00a0 \u00a0 \u00a0 \u00a0 Dell\u2019I.C. Leone Tolstoj<\/strong><\/p>\n<p><strong>\u00a0 \u00a0 \u00a0 \u00a0 \u00a0 \u00a0 \u00a0 \u00a0 \u00a0 \u00a0 \u00a0 \u00a0 \u00a0 \u00a0 \u00a0 \u00a0 \u00a0 \u00a0 \u00a0 \u00a0 \u00a0 \u00a0 \u00a0 \u00a0 \u00a0 \u00a0 \u00a0 \u00a0 \u00a0 \u00a0 \u00a0 \u00a0 \u00a0 \u00a0 \u00a0 \u00a0 \u00a0 \u00a0 \u00a0 \u00a0 \u00a0 \u00a0 \u00a0 \u00a0 \u00a0 \u00a0 \u00a0 \u00a0 \u00a0 \u00a0 \u00a0 \u00a0 \u00a0 \u00a0 \u00a0 \u00a0 \u00a0 \u00a0 \u00a0 \u00a0 \u00a0 \u00a0 \u00a0 \u00a0 \u00a0 \u00a0 \u00a0 \u00a0 \u00a0 \u00a0 \u00a0 \u00a0 \u00a0 \u00a0 \u00a0 \u00a0 \u00a0 \u00a0 \u00a0 \u00a0 \u00a0 \u00a0 \u00a0 \u00a0 \u00a0 \u00a0 \u00a0 \u00a0 \u00a0 \u00a0 \u00a0 Via Zuara 7\/9<\/strong><\/p>\n<p><strong>\u00a0 \u00a0 \u00a0 \u00a0 \u00a0 \u00a0 \u00a0 \u00a0 \u00a0 \u00a0 \u00a0 \u00a0 \u00a0 \u00a0 \u00a0 \u00a0 \u00a0 \u00a0 \u00a0 \u00a0 \u00a0 \u00a0 \u00a0 \u00a0 \u00a0 \u00a0 \u00a0 \u00a0 \u00a0 \u00a0 \u00a0 \u00a0 \u00a0 \u00a0 \u00a0 \u00a0 \u00a0 \u00a0 \u00a0 \u00a0 \u00a0 \u00a0 \u00a0 \u00a0 \u00a0 \u00a0 \u00a0 \u00a0 \u00a0 \u00a0 \u00a0 \u00a0 \u00a0 \u00a0 \u00a0 \u00a0 \u00a0 \u00a0 \u00a0 \u00a0 \u00a0 \u00a0 \u00a0 \u00a0 \u00a0 \u00a0 \u00a0 \u00a0 \u00a0 \u00a0 \u00a0 \u00a0 \u00a0 \u00a0 \u00a0 \u00a0 \u00a0 \u00a0 \u00a0 \u00a0 \u00a0 \u00a0 \u00a0 \u00a0 \u00a0 \u00a0 \u00a0 \u00a0 \u00a0 \u00a0 20146 Milano<\/strong><\/p>\n<p>\u00a0<\/p>\n<p>\u00a0<\/p>\n<p><strong>OGGETTO<\/strong>: <strong>AZIONE DI SCIOPERO 10 FEBBRAIO 2023. <\/strong><\/p>\n<p><strong>Comparto Istruzione e Ricerca \u2013Sezione Scuola. Azione di sciopero prevista per il 10 febbraio 2023.<\/strong><\/p>\n<p><strong>Adempimenti previsti dall\u2019Accordo sulle norme di garanzia dei servizi pubblici essenziali del 2 dicembre 2020 (Gazzetta Ufficiale n.8 del 12 gennaio 2021) con particolare riferimento agli artt. 3 e 10.<\/strong><\/p>\n<p>Si comunica che <strong><u>USB P.I. SCUOLA\u00a0 ha proclamato uno sciopero \u201cdi tutto il personale del comparto scuola docente, ata, educativo e dirigente a tempo determinato e indeterminato delle scuole in Italia e all\u2019estero\u201d per l\u2019intera giornata di venerd\u00ec 10 FEBBRAIO 2023.<\/u><\/strong><\/p>\n<p><strong><u>\u00a0<\/u><\/strong><\/p>\n<p><strong>DATA, DURATA DELLO SCIOPERO E PERSONALE INTERESSATO<\/strong><\/p>\n<p>Lo sciopero si svolger\u00e0 per l\u2019intera giornata del 10 FEBBRAIO 2023 e interessa tutto il personale del comparto scuola docente, ata, educativo e dirigente a tempo determinato e indeterminato delle scuole in Italia e all\u2019estero.<\/p>\n<p><strong>MOTIVAZIONI<\/strong><\/p>\n<p>Mancato inserimento di aumento organici docenti ed ata nei provvedimenti legislativi; mancata integrazione docenti ed ata del cosidetto &#8220;organico aggiuntivo Covid&#8221;; organici personale ata inadeguati e sottodimensionati con carichi di lavoro e responsabilit\u00e0 aumentate; attuazione persorsi di formazione obbligatori a carico dei vincitori di concorsi straordinari e intenzione di procedere a formazione obbligatoria a carico dei futuri docenti; mancanza di volont\u00e0 a stabilizzare i docenti vincitori di concorsi ordinari e straiordinari 2020; volont\u00e0 di mantenere i vincoli sulla mobilit\u00e0 del personale docente; inadeguato rinnovo parte economica del CCNL sopratutto per le categorie con retribuzione minore; mancata volont\u00e0 di eliminare i percorsi PCTO nonostante i gravi e letali incidenti sul lavoro.<\/p>\n<p><strong>RAPPRESENTATIVITA\u2019 A LIVELLO NAZIONALE<\/strong><\/p>\n<p>La rappresentativit\u00e0 a livello nazionale delle organizzazioni sindacali in oggetto, come certificato<\/p>\n<p>dall\u2019ARAN per il triennio 2021-2023 \u00e8 la seguente:<\/p>\n<table width=\"0\">\n<tbody>\n<tr>\n<td width=\"129\">\n<p><strong>Azione proclamata da<\/strong><\/p>\n<\/td>\n<td width=\"133\">\n<p><strong>% Rappresentativit\u00e0 a livello nazionale (1)<\/strong><\/p>\n<\/td>\n<td width=\"111\">\n<p><strong>% voti\u00a0 nella scuola per le\u00a0 elezioni RSU<\/strong><\/p>\n<\/td>\n<td width=\"116\">\n<p><strong>Tipo di sciopero<\/strong><\/p>\n<\/td>\n<td width=\"113\">\n<p><strong>Durata dello sciopero <\/strong><\/p>\n<\/td>\n<td width=\"92\">\n<p><strong>\u00a0<\/strong><\/p>\n<\/td>\n<\/tr>\n<tr>\n<td width=\"129\">\n<p><strong>\u00a0<\/strong><\/p>\n<\/td>\n<td width=\"133\">\n<p><strong>\u00a0<\/strong><\/p>\n<\/td>\n<td width=\"111\">\n<p><strong>\u00a0<\/strong><\/p>\n<\/td>\n<td width=\"116\">\n<p><strong>\u00a0<\/strong><\/p>\n<\/td>\n<td width=\"113\">\n<p><strong>\u00a0<\/strong><\/p>\n<\/td>\n<td width=\"92\">\n<p>\u00a0<\/p>\n<\/td>\n<\/tr>\n<tr>\n<td width=\"129\">\n<p><strong>USB PI SCUOLA<\/strong><\/p>\n<\/td>\n<td width=\"133\">\n<p><strong>0,77<\/strong><\/p>\n<\/td>\n<td width=\"111\">\n<p><strong>&#8211;<\/strong><\/p>\n<\/td>\n<td width=\"116\">\n<p><strong>nazionale<\/strong><\/p>\n<\/td>\n<td width=\"113\">\n<p><strong>intera giornata<\/strong><\/p>\n<\/td>\n<td width=\"92\">\n<p>\u00a0<\/p>\n<\/td>\n<\/tr>\n<\/tbody>\n<\/table>\n<p>\u00a0<\/p>\n<p><strong>PRESTAZIONI INDISPENSABILI DA GARANTIRE<\/strong><\/p>\n<p>Ai sensi dell\u2019art. 2, comma 2, del richiamato Accordo Aran, in relazione all\u2019azione di sciopero indicata in oggetto, presso questa istituzione scolastica, non sono state individuate prestazioni indispensabili di cui occorra garantire la continuit\u00e0, si assicura comunque la vigilanza sui minori nel caso in cui dovessero presentarsi a scuola.<\/p>\n<p>Sulla base dei suddetti dati e delle comunicazioni rese dal personale<strong>, si informano i genitori che non \u00e8 possibile fare previsioni attendibili sull\u2019adesione allo sciopero e sui servizi che la scuola potr\u00e0 garantire.<\/strong><\/p>\n<p><strong>\u00a0<\/strong><strong>Si invitano pertanto i genitori, la mattina dello sciopero, a non lasciare i propri figli all\u2019ingresso, senza essersi prima accertati dell\u2019apertura del plesso, del regolare svolgimento delle lezioni e del servizio mensa o, in alternativa, delle misure adottate per la riorganizzazione del servizio.<\/strong><\/p>\n<p>\u00a0<\/p>\n<p><img decoding=\"async\" class=\"alignright\" src=\"http:\/\/old.icstolstoj.edu.it\/wp-content\/uploads\/2020\/01\/f-ab.jpg\" alt=\"Questa immagine ha l'attributo alt vuoto; il nome del file \u00e8 f-ab.jpg\" \/><\/p>\n\n\n<p><\/p>\n","protected":false},"excerpt":{"rendered":"<p>\u00a0 Prot. n. 260\u00a0 \u00a0 \u00a0 \u00a0 \u00a0 \u00a0 \u00a0 \u00a0 \u00a0 \u00a0 \u00a0 \u00a0 \u00a0 \u00a0 \u00a0 \u00a0 \u00a0 \u00a0 \u00a0 \u00a0 \u00a0 \u00a0 \u00a0 \u00a0 \u00a0 \u00a0 \u00a0 \u00a0 \u00a0 \u00a0 \u00a0 \u00a0 \u00a0 \u00a0 \u00a0 \u00a0 \u00a0 \u00a0 \u00a0 \u00a0 \u00a0 \u00a0 \u00a0 \u00a0 \u00a0 \u00a0 \u00a0 \u00a0 \u00a0 \u00a0 \u00a0 \u00a0 [&hellip;]<\/p>\n","protected":false},"author":3,"featured_media":0,"comment_status":"closed","ping_status":"open","sticky":false,"template":"","format":"standard","meta":{"_et_pb_use_builder":"","_et_pb_old_content":"","_et_gb_content_width":""},"categories":[177],"tags":[],"_links":{"self":[{"href":"https:\/\/old.icstolstoj.edu.it\/it\/wp-json\/wp\/v2\/posts\/24365"}],"collection":[{"href":"https:\/\/old.icstolstoj.edu.it\/it\/wp-json\/wp\/v2\/posts"}],"about":[{"href":"https:\/\/old.icstolstoj.edu.it\/it\/wp-json\/wp\/v2\/types\/post"}],"author":[{"embeddable":true,"href":"https:\/\/old.icstolstoj.edu.it\/it\/wp-json\/wp\/v2\/users\/3"}],"replies":[{"embeddable":true,"href":"https:\/\/old.icstolstoj.edu.it\/it\/wp-json\/wp\/v2\/comments?post=24365"}],"version-history":[{"count":0,"href":"https:\/\/old.icstolstoj.edu.it\/it\/wp-json\/wp\/v2\/posts\/24365\/revisions"}],"wp:attachment":[{"href":"https:\/\/old.icstolstoj.edu.it\/it\/wp-json\/wp\/v2\/media?parent=24365"}],"wp:term":[{"taxonomy":"category","embeddable":true,"href":"https:\/\/old.icstolstoj.edu.it\/it\/wp-json\/wp\/v2\/categories?post=24365"},{"taxonomy":"post_tag","embeddable":true,"href":"https:\/\/old.icstolstoj.edu.it\/it\/wp-json\/wp\/v2\/tags?post=24365"}],"curies":[{"name":"wp","href":"https:\/\/api.w.org\/{rel}","templated":true}]}}