{"id":24447,"date":"2023-02-22T13:51:29","date_gmt":"2023-02-22T12:51:29","guid":{"rendered":"https:\/\/old.icstolstoj.edu.it\/it\/?p=24447"},"modified":"2023-02-22T14:26:00","modified_gmt":"2023-02-22T13:26:00","slug":"055-sospensione-attivita-didattica-per-festivita-carnevale-ambrosiano","status":"publish","type":"post","link":"https:\/\/old.icstolstoj.edu.it\/it\/2023\/02\/055-sospensione-attivita-didattica-per-festivita-carnevale-ambrosiano\/","title":{"rendered":"055- Sospensione attivit\u00e0 didattica per festivit\u00e0 Carnevale ambrosiano"},"content":{"rendered":"\n<p><\/p>\n\n\n\n<p><\/p>\n\n\n<p>\u00a0<\/p>\n<p style=\"text-align: left;\"><strong>Ai genitori degli alunni\/e<\/strong><\/p>\n<p style=\"text-align: left;\"><strong>Si comunica che gioved\u00ec 23 febbraio e venerd\u00ec 24 febbraio 2023 l&#8217;attivit\u00e0 didattica dell&#8217;Istituto comprensivo \u00e8 sospesa per le festivit\u00e0 del Carnevale ambrosiano.<\/strong><\/p>\n<p>Le attivit\u00e0 didattiche riprenderanno regolarmente luned\u00ec 27 febbraio.<\/p>\n<p style=\"text-align: left;\"><strong>Cordialit\u00e0\u00a0 \u00a0 \u00a0 \u00a0 \u00a0 \u00a0 \u00a0 \u00a0 \u00a0 \u00a0 \u00a0 \u00a0 \u00a0 \u00a0 \u00a0 \u00a0 \u00a0 \u00a0 \u00a0 \u00a0 \u00a0 \u00a0 \u00a0 \u00a0 \u00a0 \u00a0 \u00a0 \u00a0 \u00a0 \u00a0 \u00a0 \u00a0 \u00a0 \u00a0 \u00a0 \u00a0 \u00a0 \u00a0 \u00a0 \u00a0 \u00a0 \u00a0 \u00a0 \u00a0 \u00a0 \u00a0 \u00a0 \u00a0 \u00a0 \u00a0 \u00a0 \u00a0 \u00a0\u00a0<\/strong><\/p>\n<p><strong>\u00a0 \u00a0 \u00a0 \u00a0 \u00a0 \u00a0 \u00a0 \u00a0 \u00a0 \u00a0 \u00a0 \u00a0 \u00a0 \u00a0 \u00a0 \u00a0 \u00a0 \u00a0 \u00a0 \u00a0 \u00a0 \u00a0 \u00a0 \u00a0 \u00a0 \u00a0 \u00a0 \u00a0 \u00a0 \u00a0 \u00a0 \u00a0 \u00a0 \u00a0 \u00a0 \u00a0 \u00a0 \u00a0 \u00a0 \u00a0 \u00a0 \u00a0 \u00a0 \u00a0 \u00a0 \u00a0 \u00a0<\/strong><\/p>\n<p><img decoding=\"async\" class=\"alignright\" src=\"http:\/\/old.icstolstoj.edu.it\/wp-content\/uploads\/2020\/01\/f-ab.jpg\" alt=\"Questa immagine ha l'attributo alt vuoto; il nome del file \u00e8 f-ab.jpg\" \/><\/p>\n\n\n<p><\/p>\n","protected":false},"excerpt":{"rendered":"<p>\u00a0 Ai genitori degli alunni\/e Si comunica che gioved\u00ec 23 febbraio e venerd\u00ec 24 febbraio 2023 l&#8217;attivit\u00e0 didattica dell&#8217;Istituto comprensivo \u00e8 sospesa per le festivit\u00e0 del Carnevale ambrosiano. Le attivit\u00e0 didattiche riprenderanno regolarmente luned\u00ec 27 febbraio. Cordialit\u00e0\u00a0 \u00a0 \u00a0 \u00a0 \u00a0 \u00a0 \u00a0 \u00a0 \u00a0 \u00a0 \u00a0 \u00a0 \u00a0 \u00a0 \u00a0 \u00a0 \u00a0 \u00a0 \u00a0 [&hellip;]<\/p>\n","protected":false},"author":3,"featured_media":0,"comment_status":"closed","ping_status":"open","sticky":false,"template":"","format":"standard","meta":{"_et_pb_use_builder":"","_et_pb_old_content":"","_et_gb_content_width":""},"categories":[177],"tags":[],"_links":{"self":[{"href":"https:\/\/old.icstolstoj.edu.it\/it\/wp-json\/wp\/v2\/posts\/24447"}],"collection":[{"href":"https:\/\/old.icstolstoj.edu.it\/it\/wp-json\/wp\/v2\/posts"}],"about":[{"href":"https:\/\/old.icstolstoj.edu.it\/it\/wp-json\/wp\/v2\/types\/post"}],"author":[{"embeddable":true,"href":"https:\/\/old.icstolstoj.edu.it\/it\/wp-json\/wp\/v2\/users\/3"}],"replies":[{"embeddable":true,"href":"https:\/\/old.icstolstoj.edu.it\/it\/wp-json\/wp\/v2\/comments?post=24447"}],"version-history":[{"count":0,"href":"https:\/\/old.icstolstoj.edu.it\/it\/wp-json\/wp\/v2\/posts\/24447\/revisions"}],"wp:attachment":[{"href":"https:\/\/old.icstolstoj.edu.it\/it\/wp-json\/wp\/v2\/media?parent=24447"}],"wp:term":[{"taxonomy":"category","embeddable":true,"href":"https:\/\/old.icstolstoj.edu.it\/it\/wp-json\/wp\/v2\/categories?post=24447"},{"taxonomy":"post_tag","embeddable":true,"href":"https:\/\/old.icstolstoj.edu.it\/it\/wp-json\/wp\/v2\/tags?post=24447"}],"curies":[{"name":"wp","href":"https:\/\/api.w.org\/{rel}","templated":true}]}}