{"id":24567,"date":"2023-04-05T13:38:26","date_gmt":"2023-04-05T11:38:26","guid":{"rendered":"https:\/\/old.icstolstoj.edu.it\/it\/?p=24567"},"modified":"2023-04-05T13:39:46","modified_gmt":"2023-04-05T11:39:46","slug":"062-sospensione-attivita-didattica-per-festivita-pasquali","status":"publish","type":"post","link":"https:\/\/old.icstolstoj.edu.it\/it\/2023\/04\/062-sospensione-attivita-didattica-per-festivita-pasquali\/","title":{"rendered":"062- Sospensione attivit\u00e0 didattica per festivit\u00e0 pasquali"},"content":{"rendered":"\n<p><\/p>\n\n\n\n<p><\/p>\n\n\n<p style=\"text-align: right;\"><strong>Ai genitori<\/strong><\/p>\n<p style=\"text-align: left;\"><strong>Si ricorda che da gioved\u00ec 6 aprile a marted\u00ec 11 aprile 2023 l&#8217;attivit\u00e0 didattica dell&#8217;Istituto comprensivo \u00e8 sospesa per le festivit\u00e0 pasquali.<\/strong><\/p>\n<p>Le attivit\u00e0 didattiche riprenderanno regolarmente mercoled\u00ec 12 aprile.<\/p>\n<p style=\"text-align: left;\"><strong>I pi\u00f9 sentiti auguri di Buona Pasqua<\/strong><\/p>\n<p style=\"text-align: left;\"><strong>Cordialit\u00e0\u00a0 \u00a0 \u00a0 \u00a0 \u00a0 \u00a0 \u00a0 \u00a0 \u00a0 \u00a0 \u00a0 \u00a0 \u00a0 \u00a0 \u00a0 \u00a0 \u00a0 \u00a0 \u00a0 \u00a0 \u00a0 \u00a0 \u00a0 \u00a0 \u00a0 \u00a0 \u00a0 \u00a0 \u00a0 \u00a0 \u00a0 \u00a0 \u00a0 \u00a0 \u00a0 \u00a0 \u00a0 \u00a0 \u00a0 \u00a0 \u00a0 \u00a0 \u00a0 \u00a0 \u00a0 \u00a0 \u00a0 \u00a0 \u00a0 \u00a0 \u00a0 \u00a0 \u00a0\u00a0<\/strong><\/p>\n<p><strong>\u00a0 \u00a0 \u00a0 \u00a0 \u00a0 \u00a0 \u00a0 \u00a0 \u00a0 \u00a0 \u00a0 \u00a0 \u00a0 \u00a0 \u00a0 \u00a0 \u00a0 \u00a0 \u00a0 \u00a0 \u00a0 \u00a0 \u00a0 \u00a0 \u00a0 \u00a0 \u00a0 \u00a0 \u00a0 \u00a0 \u00a0 \u00a0 \u00a0 \u00a0 \u00a0 \u00a0 \u00a0 \u00a0 \u00a0 \u00a0 \u00a0 \u00a0 \u00a0 \u00a0 \u00a0 \u00a0 \u00a0<\/strong><\/p>\n<p><img decoding=\"async\" class=\"alignright\" src=\"http:\/\/old.icstolstoj.edu.it\/wp-content\/uploads\/2020\/01\/f-ab.jpg\" alt=\"Questa immagine ha l'attributo alt vuoto; il nome del file \u00e8 f-ab.jpg\" \/><\/p>\n\n\n<p><\/p>\n","protected":false},"excerpt":{"rendered":"<p>Ai genitori Si ricorda che da gioved\u00ec 6 aprile a marted\u00ec 11 aprile 2023 l&#8217;attivit\u00e0 didattica dell&#8217;Istituto comprensivo \u00e8 sospesa per le festivit\u00e0 pasquali. Le attivit\u00e0 didattiche riprenderanno regolarmente mercoled\u00ec 12 aprile. I pi\u00f9 sentiti auguri di Buona Pasqua Cordialit\u00e0\u00a0 \u00a0 \u00a0 \u00a0 \u00a0 \u00a0 \u00a0 \u00a0 \u00a0 \u00a0 \u00a0 \u00a0 \u00a0 \u00a0 \u00a0 \u00a0 [&hellip;]<\/p>\n","protected":false},"author":3,"featured_media":0,"comment_status":"closed","ping_status":"open","sticky":false,"template":"","format":"standard","meta":{"_et_pb_use_builder":"","_et_pb_old_content":"","_et_gb_content_width":""},"categories":[177],"tags":[],"_links":{"self":[{"href":"https:\/\/old.icstolstoj.edu.it\/it\/wp-json\/wp\/v2\/posts\/24567"}],"collection":[{"href":"https:\/\/old.icstolstoj.edu.it\/it\/wp-json\/wp\/v2\/posts"}],"about":[{"href":"https:\/\/old.icstolstoj.edu.it\/it\/wp-json\/wp\/v2\/types\/post"}],"author":[{"embeddable":true,"href":"https:\/\/old.icstolstoj.edu.it\/it\/wp-json\/wp\/v2\/users\/3"}],"replies":[{"embeddable":true,"href":"https:\/\/old.icstolstoj.edu.it\/it\/wp-json\/wp\/v2\/comments?post=24567"}],"version-history":[{"count":0,"href":"https:\/\/old.icstolstoj.edu.it\/it\/wp-json\/wp\/v2\/posts\/24567\/revisions"}],"wp:attachment":[{"href":"https:\/\/old.icstolstoj.edu.it\/it\/wp-json\/wp\/v2\/media?parent=24567"}],"wp:term":[{"taxonomy":"category","embeddable":true,"href":"https:\/\/old.icstolstoj.edu.it\/it\/wp-json\/wp\/v2\/categories?post=24567"},{"taxonomy":"post_tag","embeddable":true,"href":"https:\/\/old.icstolstoj.edu.it\/it\/wp-json\/wp\/v2\/tags?post=24567"}],"curies":[{"name":"wp","href":"https:\/\/api.w.org\/{rel}","templated":true}]}}