{"id":24644,"date":"2023-04-13T08:09:09","date_gmt":"2023-04-13T06:09:09","guid":{"rendered":"https:\/\/old.icstolstoj.edu.it\/it\/?p=24644"},"modified":"2023-04-13T08:16:06","modified_gmt":"2023-04-13T06:16:06","slug":"065-centri-estivi-del-comune-di-milano-apertura-delle-iscrizioni","status":"publish","type":"post","link":"https:\/\/old.icstolstoj.edu.it\/it\/2023\/04\/065-centri-estivi-del-comune-di-milano-apertura-delle-iscrizioni\/","title":{"rendered":"065- Centri estivi del Comune di Milano. Apertura delle iscrizioni."},"content":{"rendered":"\n<p><\/p>\n\n\n\n<p><\/p>\n\n\n<p style=\"text-align: right;\">Ai Genitori, Scuola primaria<\/p>\n<p>Gentili Genitori,\u00a0<\/p>\n<p>anche quest\u2019anno il Comune di Milano organizza il servizio \u201cCentri Estivi\u201d, un programma di attivit\u00e0 destinato ai bambini della scuola primaria per offrire spazi di socialit\u00e0 e didattico-educativi di qualit\u00e0 anche nel periodo estivo. \u00a0<\/p>\n<p>Dal 12 giugno al 21 luglio 2023, con i Centri Estivi in citt\u00e0, i nostri bambini della scuola primaria potranno sperimentare opportunit\u00e0 di gioco e divertimento e vivere esperienze dal punto di vista educativo e formativo in una dimensione di comunit\u00e0. I Centri si svolgeranno in trentadue sedi scolastiche diffuse in tutta la Citt\u00e0, fra le quali anche il nostro plesso di via Zuara 9.\u00a0<\/p>\n<p>Le iscrizioni per i<em><strong>\u00a0Centri Estivi\u00a0<\/strong><\/em>saranno aperte dalle ore 12:00 del 12 aprile fino alle ore 12:00 di mercoled\u00ec 26 aprile. Tutte le informazioni di natura organizzativa sono disponibili al seguente indirizzo <a href=\"https:\/\/comune-milano.musvc1.net\/e\/t?q=6%3dOhFcRb%26w%3dZT%26L%3dCVPYG%26H%3dQgBYXg%266%3dAHR1L_Fyds_Q9_3tqx_C9_Fyds_PD8PK.AzFILp.F7JlGC.G5_Ko1a_U4C4MyRp5yKmBBG%26o%3dFIQ76O.LpM%264y9l7Q%3dFYVeIc&amp;mupckp=mupAtu4m8OiX0wt\">www.comune.milano.it\/estatebambini<\/a>\u00a0dove troverete in allegato il\u00a0<em>Comunicato<\/em>\u00a0con tutte le informazioni tecniche necessarie ed utili per le iscrizioni.\u00a0<\/p>\n<p>Cordiali Saluti, \u00a0<\/p>\n<p>\u00a0<\/p>\n<p><img decoding=\"async\" class=\"alignright\" src=\"http:\/\/old.icstolstoj.edu.it\/wp-content\/uploads\/2020\/01\/f-ab.jpg\" alt=\"Questa immagine ha l'attributo alt vuoto; il nome del file \u00e8 f-ab.jpg\" \/><\/p>\n\n\n<p><\/p>\n","protected":false},"excerpt":{"rendered":"<p>Ai Genitori, Scuola primaria Gentili Genitori,\u00a0 anche quest\u2019anno il Comune di Milano organizza il servizio \u201cCentri Estivi\u201d, un programma di attivit\u00e0 destinato ai bambini della scuola primaria per offrire spazi di socialit\u00e0 e didattico-educativi di qualit\u00e0 anche nel periodo estivo. \u00a0 Dal 12 giugno al 21 luglio 2023, con i Centri Estivi in citt\u00e0, i [&hellip;]<\/p>\n","protected":false},"author":3,"featured_media":0,"comment_status":"closed","ping_status":"open","sticky":false,"template":"","format":"standard","meta":{"_et_pb_use_builder":"","_et_pb_old_content":"","_et_gb_content_width":""},"categories":[177],"tags":[],"_links":{"self":[{"href":"https:\/\/old.icstolstoj.edu.it\/it\/wp-json\/wp\/v2\/posts\/24644"}],"collection":[{"href":"https:\/\/old.icstolstoj.edu.it\/it\/wp-json\/wp\/v2\/posts"}],"about":[{"href":"https:\/\/old.icstolstoj.edu.it\/it\/wp-json\/wp\/v2\/types\/post"}],"author":[{"embeddable":true,"href":"https:\/\/old.icstolstoj.edu.it\/it\/wp-json\/wp\/v2\/users\/3"}],"replies":[{"embeddable":true,"href":"https:\/\/old.icstolstoj.edu.it\/it\/wp-json\/wp\/v2\/comments?post=24644"}],"version-history":[{"count":0,"href":"https:\/\/old.icstolstoj.edu.it\/it\/wp-json\/wp\/v2\/posts\/24644\/revisions"}],"wp:attachment":[{"href":"https:\/\/old.icstolstoj.edu.it\/it\/wp-json\/wp\/v2\/media?parent=24644"}],"wp:term":[{"taxonomy":"category","embeddable":true,"href":"https:\/\/old.icstolstoj.edu.it\/it\/wp-json\/wp\/v2\/categories?post=24644"},{"taxonomy":"post_tag","embeddable":true,"href":"https:\/\/old.icstolstoj.edu.it\/it\/wp-json\/wp\/v2\/tags?post=24644"}],"curies":[{"name":"wp","href":"https:\/\/api.w.org\/{rel}","templated":true}]}}