{"id":24738,"date":"2023-04-28T10:56:01","date_gmt":"2023-04-28T08:56:01","guid":{"rendered":"https:\/\/old.icstolstoj.edu.it\/it\/?p=24738"},"modified":"2023-04-28T11:03:14","modified_gmt":"2023-04-28T09:03:14","slug":"072-comparto-e-area-istruzione-e-ricerca-sezione-scuola-sciopero-generale-proclamato-per-il-5-maggio-2023","status":"publish","type":"post","link":"https:\/\/old.icstolstoj.edu.it\/it\/2023\/04\/072-comparto-e-area-istruzione-e-ricerca-sezione-scuola-sciopero-generale-proclamato-per-il-5-maggio-2023\/","title":{"rendered":"072-Comparto e Area Istruzione e Ricerca \u2013 Sezione Scuola Sciopero generale proclamato per il 5 MAGGIO 2023."},"content":{"rendered":"<p style=\"text-align: right;\">\u00a0<\/p>\n<p><strong>Prot. n. 1168\u00a0\u00a0\u00a0\u00a0\u00a0\u00a0\u00a0\u00a0\u00a0\u00a0\u00a0\u00a0\u00a0\u00a0\u00a0\u00a0\u00a0\u00a0\u00a0\u00a0\u00a0\u00a0\u00a0\u00a0\u00a0\u00a0\u00a0\u00a0\u00a0\u00a0\u00a0\u00a0\u00a0\u00a0\u00a0\u00a0\u00a0\u00a0\u00a0\u00a0\u00a0\u00a0\u00a0\u00a0\u00a0\u00a0\u00a0\u00a0\u00a0\u00a0\u00a0\u00a0\u00a0\u00a0\u00a0\u00a0\u00a0\u00a0\u00a0\u00a0\u00a0\u00a0\u00a0\u00a0\u00a0\u00a0\u00a0\u00a0\u00a0\u00a0\u00a0\u00a0\u00a0\u00a0\u00a0\u00a0\u00a0\u00a0\u00a0\u00a0\u00a0\u00a0\u00a0\u00a0\u00a0\u00a0\u00a0\u00a0\u00a0\u00a0\u00a0\u00a0\u00a0\u00a0\u00a0\u00a0\u00a0\u00a0\u00a0\u00a0\u00a0\u00a0\u00a0\u00a0\u00a0\u00a0\u00a0\u00a0\u00a0\u00a0\u00a0\u00a0\u00a0\u00a0 \u00a0\u00a0\u00a0\u00a0\u00a0\u00a0\u00a0\u00a0\u00a0\u00a0\u00a0<\/strong><strong>\u00a0 Ai Sigg. Genitori degli alunni<\/strong><\/p>\n<p>\u00a0<\/p>\n<p><strong>OGGETTO<\/strong>: <strong>AZIONI DI SCIOPERO 5 MAGGIO 2023. <\/strong><\/p>\n<p><strong>Comparto e Area Istruzione e Ricerca \u2013 Sezione Scuola Sciopero generale proclamato per il 5 MAGGIO 2023. Proclamazione. Adempimenti previsti dall\u2019Accordo sulle norme di garanzia dei servizi pubblici essenziali del 2 dicembre 2020 (Gazzetta Ufficiale n. 8 del 12 gennaio 2021) con particolare riferimento agli artt. 3 e 10.<\/strong><\/p>\n<p><strong>\u00a0<\/strong><strong><u>Si comunica che il Cobas Scuola Sardegna, Cobas Scuola e Unicobas Scuola e Universit\u00e0\u00a0 hanno\u00a0 indetto uno sciopero\u00a0 per l\u2019intera giornata del 5 maggio \u00a02023; <\/u><\/strong><\/p>\n<p><strong><u>SGB ha indetto uno sciopero breve (relativamente alla scuola primaria) .<\/u><\/strong><\/p>\n<p><strong>DATA, DURATA DELLO SCIOPERO E PERSONALE INTERESSATO<\/strong><\/p>\n<p>Lo sciopero indetto da \u00a0<strong><u>Cobas Scuola Sardegna, Cobas Scuola e Unicobas Scuola e Universit\u00e0\u00a0 <\/u><\/strong>si svolger\u00e0 per l\u2019intera giornata del 5 maggio 2023 e interessa tutto il personale docente ed ATA.<\/p>\n<p>Lo sciopero indetto da <strong>SGB (Sindacato generale di base<\/strong>) \u00e8 uno sciopero breve delle attivit\u00e0 funzionali connesse alle sole prove INVALSI, nella sola scuola primaria, per le attivit\u00e0 di somministrazione dei test e per tutte le attivit\u00e0 connesse alla gestione dei test INVALSI per il giorno 5maggio 2023;<\/p>\n<p><strong>MOTIVAZIONI<\/strong><\/p>\n<p>Contro i quiz INVALSI; per un contratto che preveda veri aumenti e pieno recupero salariale; contro aumento del numero minimo di alunni\/e, per mantenere autonomia degli istituti scolastici e il continuo smantellamento degli stessi; per la stabilizzazione dei precari; contro la formazione delle classi con pi\u00f9 di 30 alunni; contro l&#8217;autonomia differenziata ed i progetti del PNRR sulla scuola; contro i PCTO; per il potenziamento degli organici Ata; per uno stato giuridico ed un mansionamento degno del personale educativo; per un vero piano di investimenti di edilizia scolastica; contro la norma del vincolo triennale di permanenza in una sede scolastica; contro le norme approvate in violazione dei vincoli contrattuali vigenti; contro qualsiasi imposizione di attivit\u00e0 di formazione obbligatoria; per una vera democrazia sindacale; per uno sviluppo della lingua, della storia e della cultura della Sardegna e per una legge sulla scuola sarda; contro qualsiasi guerra.<\/p>\n<p>Contro i quiz INVALSI; contro la cosiddetta didattica delle competenze addestrative; per una scuola pubblica che punti su strumenti cognitivi e spirito critico; contro il nuovo sistema di reclutamento e la carriera dei docenti previsti dalla legge 79 e 142; contro l&#8217;ennesimo ridimensionamento delle scuole che ha come nuovo parametro 900 alunni; contro qualsiasi tipo di autonomia differenziata.<\/p>\n<p>per un piano di investimenti di 13 miliardi per l&#8217;edilizia scolastica; contro le prove INVALSI, contro l&#8217;obbligo dei PCTO; contro il vincolo quinquennale di permanenza dopo l&#8217;assunzione nella prima sede scolastica; per lo stanziamento di 200 milioni per il risarcimento e l&#8217;adeguamento di pensioni e stipendi per gli Ata ex enti locali; per uno stato giuridico ed un mansionario degno del personale educativo; per respingere l&#8217;approvazione della legge sulla regionalizzazione (autonomia differenziata).<\/p>\n<p><strong>RAPPRESENTATIVITA\u2019 A LIVELLO NAZIONALE<\/strong><\/p>\n<p>La rappresentativit\u00e0 a livello nazionale delle organizzazioni sindacali in oggetto, come certificato<\/p>\n<p>dall\u2019ARAN per il triennio 2021-2023 \u00e8 la seguente:<\/p>\n<table width=\"0\">\n<tbody>\n<tr>\n<td width=\"179\">\n<p><strong>Proclamante<\/strong><\/p>\n<\/td>\n<td width=\"119\">\n<p><strong><em>% Rappresentativit\u00e0 a livello nazionale (1)<\/em><\/strong><\/p>\n<\/td>\n<td width=\"179\">\n<p><strong>% voti\u00a0 nella scuola per le\u00a0 elezioni RSU<\/strong><\/p>\n<\/td>\n<td width=\"70\">\n<p><strong>Tipo di sciopero<\/strong><\/p>\n<\/td>\n<td width=\"113\">\n<p><strong>Durata dello sciopero <\/strong><\/p>\n<\/td>\n<td width=\"99\">\n<p><strong>Note<\/strong><\/p>\n<\/td>\n<\/tr>\n<tr>\n<td width=\"179\">\n<p><strong>COBAS SCUOLA SARDEGNA<\/strong><\/p>\n<\/td>\n<td width=\"119\">\n<p>\/<\/p>\n<\/td>\n<td width=\"179\">\n<p><strong>\u00a0<\/strong><\/p>\n<\/td>\n<td width=\"70\">\n<p><strong>nazionale scuola<\/strong><\/p>\n<\/td>\n<td width=\"113\">\n<p><strong>intera giornata<\/strong><\/p>\n<\/td>\n<td width=\"99\">\n<p><strong>\u00a0<\/strong><\/p>\n<\/td>\n<\/tr>\n<tr>\n<td width=\"179\">\n<p><strong>Cobas Scuola<\/strong><\/p>\n<\/td>\n<td width=\"119\">\n<p>1,62%<\/p>\n<\/td>\n<td width=\"179\">\n<p><strong>\u00a0<\/strong><\/p>\n<\/td>\n<td width=\"70\">\n<p><strong>nazionale scuola primaria<\/strong><\/p>\n<\/td>\n<td width=\"113\">\n<p><strong>intera giornata<\/strong><\/p>\n<\/td>\n<td width=\"99\">\n<p><strong>\u00a0<\/strong><\/p>\n<\/td>\n<\/tr>\n<tr>\n<td width=\"179\">\n<p><strong>Unicobas Scuola e universit\u00e0<\/strong><\/p>\n<\/td>\n<td width=\"119\">\n<p>0,03%<\/p>\n<\/td>\n<td width=\"179\">\n<p><strong>\u00a0<\/strong><\/p>\n<\/td>\n<td width=\"70\">\n<p><strong>Nazionale scuola<\/strong><\/p>\n<\/td>\n<td width=\"113\">\n<p><strong>Intera giornata<\/strong><\/p>\n<\/td>\n<td width=\"99\">\n<p><strong>\u00a0<\/strong><\/p>\n<\/td>\n<\/tr>\n<tr>\n<td width=\"179\">\n<p><strong>SGB<\/strong><\/p>\n<\/td>\n<td width=\"119\">\n<p>0,05%<\/p>\n<\/td>\n<td width=\"179\">\n<p><strong>\u00a0<\/strong><\/p>\n<\/td>\n<td width=\"70\">\n<p><strong>Breve\u00a0 Scuola Primaria<\/strong><\/p>\n<\/td>\n<td width=\"113\">\n<p><strong>Breve<\/strong><\/p>\n<\/td>\n<td width=\"99\">\n<p><strong>\u00a0<\/strong><\/p>\n<\/td>\n<\/tr>\n<\/tbody>\n<\/table>\n<p><strong>\u00a0<\/strong><\/p>\n<p><strong>PRESTAZIONI INDISPENSABILI DA GARANTIRE<\/strong><\/p>\n<p>Ai sensi dell\u2019art. 2, comma 2, del richiamato Accordo Aran, in relazione all\u2019azione di sciopero indicata in oggetto, presso questa istituzione scolastica, non sono state individuate prestazioni indispensabili di cui occorra garantire la continuit\u00e0, si assicura comunque la vigilanza sui minori nel caso in cui dovessero presentarsi a scuola.<\/p>\n<p>Sulla base dei suddetti dati e delle comunicazioni rese dal personale<strong>, si informano i genitori che non \u00e8 possibile fare previsioni attendibili sull\u2019adesione allo sciopero e sui servizi che la scuola potr\u00e0 garantire.<\/strong><\/p>\n<p><strong>\u00a0<\/strong><strong>Si invitano pertanto i genitori, la mattina dello sciopero, a non lasciare i propri figli all\u2019ingresso, senza essersi prima accertati dell\u2019apertura del plesso, del regolare svolgimento delle lezioni e del servizio mensa o, in alternativa, delle misure adottate per la riorganizzazione del servizio<\/strong><\/p>\n<p>\u00a0<\/p>\n<p style=\"text-align: right;\">.<\/p>\n<p><img decoding=\"async\" loading=\"lazy\" class=\"alignnone size-full wp-image-14179 aligncenter\" src=\"http:\/\/old.icstolstoj.edu.it\/wp-content\/uploads\/2020\/01\/f-ab.jpg\" alt=\"\" width=\"256\" height=\"76\" \/><\/p>\n\n\n<p><\/p>\n","protected":false},"excerpt":{"rendered":"<p>\u00a0 Prot. n. 1168\u00a0\u00a0\u00a0\u00a0\u00a0\u00a0\u00a0\u00a0\u00a0\u00a0\u00a0\u00a0\u00a0\u00a0\u00a0\u00a0\u00a0\u00a0\u00a0\u00a0\u00a0\u00a0\u00a0\u00a0\u00a0\u00a0\u00a0\u00a0\u00a0\u00a0\u00a0\u00a0\u00a0\u00a0\u00a0\u00a0\u00a0\u00a0\u00a0\u00a0\u00a0\u00a0\u00a0\u00a0\u00a0\u00a0\u00a0\u00a0\u00a0\u00a0\u00a0\u00a0\u00a0\u00a0\u00a0\u00a0\u00a0\u00a0\u00a0\u00a0\u00a0\u00a0\u00a0\u00a0\u00a0\u00a0\u00a0\u00a0\u00a0\u00a0\u00a0\u00a0\u00a0\u00a0\u00a0\u00a0\u00a0\u00a0\u00a0\u00a0\u00a0\u00a0\u00a0\u00a0\u00a0\u00a0\u00a0\u00a0\u00a0\u00a0\u00a0\u00a0\u00a0\u00a0\u00a0\u00a0\u00a0\u00a0\u00a0\u00a0\u00a0\u00a0\u00a0\u00a0\u00a0\u00a0\u00a0\u00a0\u00a0\u00a0\u00a0\u00a0\u00a0\u00a0 \u00a0\u00a0\u00a0\u00a0\u00a0\u00a0\u00a0\u00a0\u00a0\u00a0\u00a0\u00a0 Ai Sigg. Genitori degli alunni \u00a0 OGGETTO: AZIONI DI SCIOPERO 5 MAGGIO 2023. Comparto e Area Istruzione e Ricerca \u2013 Sezione Scuola Sciopero generale proclamato per il 5 MAGGIO 2023. Proclamazione. Adempimenti previsti dall\u2019Accordo sulle norme di garanzia dei servizi pubblici essenziali del 2 dicembre 2020 (Gazzetta Ufficiale n. 8 [&hellip;]<\/p>\n","protected":false},"author":3,"featured_media":0,"comment_status":"closed","ping_status":"open","sticky":false,"template":"","format":"standard","meta":{"_et_pb_use_builder":"","_et_pb_old_content":"","_et_gb_content_width":""},"categories":[177],"tags":[],"_links":{"self":[{"href":"https:\/\/old.icstolstoj.edu.it\/it\/wp-json\/wp\/v2\/posts\/24738"}],"collection":[{"href":"https:\/\/old.icstolstoj.edu.it\/it\/wp-json\/wp\/v2\/posts"}],"about":[{"href":"https:\/\/old.icstolstoj.edu.it\/it\/wp-json\/wp\/v2\/types\/post"}],"author":[{"embeddable":true,"href":"https:\/\/old.icstolstoj.edu.it\/it\/wp-json\/wp\/v2\/users\/3"}],"replies":[{"embeddable":true,"href":"https:\/\/old.icstolstoj.edu.it\/it\/wp-json\/wp\/v2\/comments?post=24738"}],"version-history":[{"count":0,"href":"https:\/\/old.icstolstoj.edu.it\/it\/wp-json\/wp\/v2\/posts\/24738\/revisions"}],"wp:attachment":[{"href":"https:\/\/old.icstolstoj.edu.it\/it\/wp-json\/wp\/v2\/media?parent=24738"}],"wp:term":[{"taxonomy":"category","embeddable":true,"href":"https:\/\/old.icstolstoj.edu.it\/it\/wp-json\/wp\/v2\/categories?post=24738"},{"taxonomy":"post_tag","embeddable":true,"href":"https:\/\/old.icstolstoj.edu.it\/it\/wp-json\/wp\/v2\/tags?post=24738"}],"curies":[{"name":"wp","href":"https:\/\/api.w.org\/{rel}","templated":true}]}}