{"id":7671,"date":"2017-06-04T20:57:24","date_gmt":"2017-06-04T18:57:24","guid":{"rendered":"http:\/\/www.icstolstoj.gov.it\/?p=7671"},"modified":"2017-06-04T20:58:27","modified_gmt":"2017-06-04T18:58:27","slug":"041-esami-di-stato-scuola-secondaria-i-grado","status":"publish","type":"post","link":"https:\/\/old.icstolstoj.edu.it\/it\/2017\/06\/041-esami-di-stato-scuola-secondaria-i-grado\/","title":{"rendered":"041 &#8211; Esami di Stato Scuola Secondaria I grado"},"content":{"rendered":"<p style=\"text-align: right;\">AGLI ALUNNI E ALLE FAMIGLIE<\/p>\n<p style=\"text-align: right;\">CLASSI TERZE<\/p>\n<p style=\"text-align: right;\">SCUOLA\u00a0SECONDARIA I GRADO<\/p>\n<p>&nbsp;<\/p>\n<p><strong>TERMINE LEZIONI<\/strong><\/p>\n<p>Gioved\u00ec\u00a0 8 giugno 2017<\/p>\n<p>&nbsp;<\/p>\n<p><strong>DOCUMENTO DI VALUTAZIONE<\/strong><\/p>\n<p>I Documenti di valutazione con il voto di ammissione\/non ammissione all&#8217;esame di Stato saranno disponibili sul Registro elettronico, a partire da <strong>venerd\u00ec \u00a09 giugno <\/strong>p.v.<\/p>\n<p>e saranno esposti nell&#8217;atrio della scuola, venerd\u00ec 9 giugno alle ore 15.00.<\/p>\n<p>&nbsp;<\/p>\n<p><strong>CALENDARIO PROVE SCRITTE<\/strong> <strong>ESAMI DI STATO <\/strong><\/p>\n<p>Secondo quanto concordato con il Presidente d\u2019esame, le prove scritte degli esami si svolgeranno secondo il seguente calendario:<\/p>\n<table style=\"width: 622px;\">\n<tbody>\n<tr>\n<td style=\"width: 176px;\">Luned\u00ec\u00a0\u00a0\u00a0 \u00a0\u00a0\u00a012\u00a0 Giugno<\/td>\n<td style=\"width: 170px;\">8.30 \u2013 12.30<\/td>\n<td style=\"width: 256px;\">Italiano<\/td>\n<\/tr>\n<tr>\n<td style=\"width: 176px;\">Marted\u00ec\u00a0\u00a0\u00a0\u00a0 13 Giugno<\/td>\n<td style=\"width: 170px;\">8.30 \u2013 11.30<\/td>\n<td style=\"width: 256px;\">Spagnolo\/Tedesco<\/td>\n<\/tr>\n<tr>\n<td style=\"width: 176px;\">Mercoled\u00ec\u00a0 14 Giugno<\/td>\n<td style=\"width: 170px;\">8.30 \u2013 11.30<\/td>\n<td style=\"width: 256px;\">Inglese<\/td>\n<\/tr>\n<tr>\n<td style=\"width: 176px;\">Gioved\u00ec\u00a0\u00a0\u00a0\u00a0 \u00a015 Giugno<\/td>\n<td style=\"width: 170px;\">8.30 \u2013 11.30<\/td>\n<td style=\"width: 256px;\">Prova Nazionale INVALSI<\/td>\n<\/tr>\n<tr>\n<td style=\"width: 176px;\">Venerd\u00ec\u00a0\u00a0\u00a0\u00a0 16 Giugno<\/td>\n<td style=\"width: 170px;\">8.30 \u2013 11.30<\/td>\n<td style=\"width: 256px;\">Matematica<\/td>\n<\/tr>\n<\/tbody>\n<\/table>\n<p>Gli studenti entreranno a scuola alle ore 8.15 e le prove avranno inizio alle ore 8.30. Si raccomanda la puntualit\u00e0 perch\u00e9 nessun candidato potr\u00e0 essere ammesso alle prove dopo l\u2019orario stabilito.<\/p>\n<p>I colloqui orali si svolgeranno dal 19 al 26 Giugno 2017, in orario mattutino e pomeridiano, secondo un calendario che sar\u00e0 comunicato durante le prove scritte.<\/p>\n<p>&nbsp;<\/p>\n<p><strong>\u00a0<\/strong><strong>Regole generali cui attenersi durante lo svolgimento degli Esami di Stato:<\/strong><\/p>\n<p>a) Non sono ammessi il possesso e l\u2019utilizzo dei telefoni cellulari e di altre apparecchiature elettroniche. Gli alunni che entreranno a scuola con tali strumenti, li dovranno consegnare ai Commissari d\u2019Esame che provvederanno alla loro restituzione al termine delle prove scritte.<\/p>\n<p><u>Per \u00a0coloro che fossero sorpresi ad utilizzarli \u00e8 prevista <strong>l\u2019esclusione da tutte le prove<\/strong>, in applicazione delle\u00a0\u00a0norme vigenti in materia di pubblici esami.<\/u><\/p>\n<p>b) Si possono utilizzare solo fogli forniti dai Commissari d\u2019Esame e vidimati con timbro e sigla (al termine della Prova vanno tutti riconsegnati, anche quelli non utilizzati).<\/p>\n<p>c) Sono ammessi l\u2019uso del dizionario (sinonimi compreso) e degli strumenti compensativi per gli alunni DSA.\u00a0<u>Per la prova di matematica sono concessi righello, goniometro, squadrette, tavole numeriche.<\/u><\/p>\n<p>d) \u00c8 necessario utilizzare penna con inchiostro nero o blu (la matita solo per eventuali disegni e grafici).<\/p>\n<p>e) E\u2019 vietato l\u2019uso di correttori a vernice (bianchetto).<\/p>\n<p>f) La consegna per fine prova pu\u00f2 avvenire solo dopo che sia\u00a0<u>trascorso met\u00e0 del tempo assegnato<\/u>: i docenti di assistenza siglano l\u2019ora sul foglio, i candidati firmano la consegna sull\u2019apposito verbale.<\/p>\n<p>g) Il penultimo candidato deve attendere, prima di uscire, la consegna della prova scritta da parte dell\u2019ultimo.<\/p>\n<p>h) \u00c8 possibile uscire per i servizi, ma solo se strettamente necessario (occorre consegnare il compito ai Commissari che registrano l\u2019uscita sul compito stesso e possibilmente non prima di ore 1,30\/2 dall\u2019inizio delle prove).<\/p>\n<p>&nbsp;<\/p>\n<ol start=\"5\">\n<li><strong> Valutazione Esame di Stato: esiti finali<\/strong><\/li>\n<\/ol>\n<p>Come previsto dalla C.M. permanente n.48 del 2012<strong>,\u00a0 <\/strong><em>\u201call&#8217;esito dell\u2019esame di Stato concorrono gli esiti delle prove scritte e orali, ivi compresa la prova nazionale INVALSI, e il giudizio di idoneit\u00e0 all&#8217;ammissione. Il voto finale \u00e8 costituito dalla media dei voti in decimi ottenuti nelle singole prove e nel giudizio di idoneit\u00e0\u201d. <\/em><\/p>\n<p><strong>Il giudizio di idoneit\u00e0\u00a0<\/strong>\u00e8 la valutazione con la quale ciascun alunno viene ammesso all\u2019Esame di Stato: tale voto \u00e8 espresso dal Consiglio di Classe in sede di scrutinio, permette l\u2019ammissione all\u2019Esame, tiene conto del percorso scolastico complessivo compiuto dall\u2019allievo nei tre anni della Scuola Secondaria di I grado.<\/p>\n<p><strong>La Certificazione delle Competenze<\/strong>, rilasciata al termine degli esami, dovr\u00e0 essere consegnata all\u2019Istituto superiore di iscrizione, insieme al \u00a0certificato sostitutivo del Diploma (il documento originale sar\u00e0 disponibile solo successivamente).<\/p>\n<ol start=\"6\">\n<li><strong> Pubblicazione cartelloni esiti finali dell\u2019Esame di Stato:<\/strong><\/li>\n<\/ol>\n<p>I\u00a0tabelloni con gli esiti finali dell\u2019Esame di Stato\u00a0saranno affissi nell\u2019atrio della Scuola \u00a0mercoled\u00ec 28 giugno 2017 \u00a0dopo le ore 11.00.<\/p>\n<ol start=\"7\">\n<li><strong> Consegna del Certificato di Diploma <\/strong><\/li>\n<\/ol>\n<p>A partire da gioved\u00ec 29 giugno 2017, dalle ore 8.15 alle ore 11.30, presso l\u2019Ufficio Didattica della Segreteria, sar\u00e0 possibile ritirate il certificato sostitutivo del Diploma richiesto per il completamento dell\u2019iscrizione alla Scuola Secondaria di II grado<\/p>\n<p style=\"text-align: center;\">IL DIRIGENTE SCOLASTICO<\/p>\n<p style=\"text-align: center;\">Gabriella Colombo<\/p>\n","protected":false},"excerpt":{"rendered":"<p>AGLI ALUNNI E ALLE FAMIGLIE CLASSI TERZE SCUOLA\u00a0SECONDARIA I GRADO &nbsp; TERMINE LEZIONI Gioved\u00ec\u00a0 8 giugno 2017 &nbsp; DOCUMENTO DI VALUTAZIONE I Documenti di valutazione con il voto di ammissione\/non ammissione all&#8217;esame di Stato saranno disponibili sul Registro elettronico, a partire da venerd\u00ec \u00a09 giugno p.v. e saranno esposti nell&#8217;atrio della scuola, venerd\u00ec 9 giugno [&hellip;]<\/p>\n","protected":false},"author":3,"featured_media":0,"comment_status":"closed","ping_status":"open","sticky":false,"template":"","format":"standard","meta":{"_et_pb_use_builder":"","_et_pb_old_content":"","_et_gb_content_width":""},"categories":[25],"tags":[],"_links":{"self":[{"href":"https:\/\/old.icstolstoj.edu.it\/it\/wp-json\/wp\/v2\/posts\/7671"}],"collection":[{"href":"https:\/\/old.icstolstoj.edu.it\/it\/wp-json\/wp\/v2\/posts"}],"about":[{"href":"https:\/\/old.icstolstoj.edu.it\/it\/wp-json\/wp\/v2\/types\/post"}],"author":[{"embeddable":true,"href":"https:\/\/old.icstolstoj.edu.it\/it\/wp-json\/wp\/v2\/users\/3"}],"replies":[{"embeddable":true,"href":"https:\/\/old.icstolstoj.edu.it\/it\/wp-json\/wp\/v2\/comments?post=7671"}],"version-history":[{"count":0,"href":"https:\/\/old.icstolstoj.edu.it\/it\/wp-json\/wp\/v2\/posts\/7671\/revisions"}],"wp:attachment":[{"href":"https:\/\/old.icstolstoj.edu.it\/it\/wp-json\/wp\/v2\/media?parent=7671"}],"wp:term":[{"taxonomy":"category","embeddable":true,"href":"https:\/\/old.icstolstoj.edu.it\/it\/wp-json\/wp\/v2\/categories?post=7671"},{"taxonomy":"post_tag","embeddable":true,"href":"https:\/\/old.icstolstoj.edu.it\/it\/wp-json\/wp\/v2\/tags?post=7671"}],"curies":[{"name":"wp","href":"https:\/\/api.w.org\/{rel}","templated":true}]}}